{"id":1464,"date":"2013-11-21T10:18:57","date_gmt":"2013-11-21T09:18:57","guid":{"rendered":"https:\/\/testwp.cnt-so.org\/13\/2013\/11\/21\/education-college-rosa-parks-marseille-15e-mobilisation-pour-un-college-a-taille-humaine\/"},"modified":"2013-11-21T10:18:57","modified_gmt":"2013-11-21T09:18:57","slug":"education-college-rosa-parks-marseille-15e-mobilisation-pour-un-college-a-taille-humaine","status":"publish","type":"post","link":"https:\/\/cnt-so.org\/13\/2013\/11\/21\/education-college-rosa-parks-marseille-15e-mobilisation-pour-un-college-a-taille-humaine\/","title":{"rendered":"\u00c9ducation : coll\u00e8ge Rosa Parks (Marseille, 15e), mobilisation pour un coll\u00e8ge \u00e0 taille humaine"},"content":{"rendered":"<p><strong>Rosa Parks (15\u00b0)\u00a0: mobilisation pour un coll\u00e8ge \u00e0 taille humaine<\/strong><\/p>\n<p>Les enseignant-e-s du coll\u00e8ge Rosa Parks, \u00e9tablissement ECLAIR* du 15\u00b0 arrondissement, \u00e9taient majoritairement en gr\u00e8ve le mardi 19 novembre, revendiquant le maintien des effectifs du coll\u00e8ge en dessous du seuil des 500 \u00e9l\u00e8ves. <\/p>\n<p>Cette barre des 500 \u00e9l\u00e8ves, correspond aux capacit\u00e9s maximum d&rsquo;accueil, de cet \u00e9tablissement neuf, ouvert en 2011. Avec une augmentation constante du nombre de classes amorc\u00e9e depuis trois ans, les effectifs devraient pourtant d\u00e9passer les 550 \u00e9l\u00e8ves d&rsquo;ici 2015, si rien n&rsquo;est fait\u00a0!<br \/>\nCela pose de nombreux probl\u00e8mes \u00a0: gestion des salles et des emplois du temps, allant jusqu&rsquo;\u00e0 remettre en cause des dispositifs p\u00e9dagogiques faute de place\u00a0; qualit\u00e9 globale de l&rsquo;accueil et du suivi des \u00e9l\u00e8ves; conditions de s\u00e9curit\u00e9. <\/p>\n<p>Ce mouvement visait \u00e0 mettre devant leurs responsabilit\u00e9s, les deux autorit\u00e9s de tutelle, Inspection d&rsquo;Acad\u00e9mie, qui avait re\u00e7u une d\u00e9l\u00e9gation des personnels en octobre, et Conseil G\u00e9n\u00e9ral, qui recevait les personnels le lendemain. Il s&rsquo;agissait d&rsquo;\u00e9viter un renvoi r\u00e9ciproque des responsabilit\u00e9s  afin que des engagements fermes soient pris pour r\u00e9guler cette progression des effectifs et mieux r\u00e9partir ces \u00e9l\u00e8ves sur les \u00e9tablissements du secteur, notamment en corrigeant la carte scolaire et en encadrant plus le jeu des d\u00e9rogations. <\/p>\n<p>Il semble que cette direction soit enfin prise, en supprimant une classe de sixi\u00e8me, ce qui r\u00e9gulerait cette mont\u00e9e en charge des effectifs. Les personnels resterons mobilis\u00e9s et vigilants pour que ces engagements soient tenus dans le cadre de la pr\u00e9paration de la rentr\u00e9e 2014-2015.<\/p>\n<p><em>Section Rosa Parks de la CNT-SO \u00c9ducation-Recherche 13<\/em><\/p>\n<p>* ECLAIR\u00a0: \u00c9coles, coll\u00e8ges et lyc\u00e9es pour l&rsquo;ambition et la r\u00e9ussite, label de l&rsquo;\u00c9ducation Prioritaire<\/p>\n<p><img loading=\"lazy\" decoding=\"async\" class=\" aligncenter size-full wp-image-1463\" src=\"https:\/\/cnt-so.org\/\/13\/wp-content\/uploads\/sites\/2\/2013\/11\/greve_19-11-2013-2.jpg\" alt=\"greve_19-11-2013-2.jpg\" align=\"center\" width=\"2486\" height=\"797\" srcset=\"https:\/\/cnt-so.org\/13\/wp-content\/uploads\/sites\/2\/2013\/11\/greve_19-11-2013-2.jpg 2486w, https:\/\/cnt-so.org\/13\/wp-content\/uploads\/sites\/2\/2013\/11\/greve_19-11-2013-2-300x96.jpg 300w, https:\/\/cnt-so.org\/13\/wp-content\/uploads\/sites\/2\/2013\/11\/greve_19-11-2013-2-1024x328.jpg 1024w, https:\/\/cnt-so.org\/13\/wp-content\/uploads\/sites\/2\/2013\/11\/greve_19-11-2013-2-768x246.jpg 768w, https:\/\/cnt-so.org\/13\/wp-content\/uploads\/sites\/2\/2013\/11\/greve_19-11-2013-2-1536x492.jpg 1536w, https:\/\/cnt-so.org\/13\/wp-content\/uploads\/sites\/2\/2013\/11\/greve_19-11-2013-2-2048x657.jpg 2048w, https:\/\/cnt-so.org\/13\/wp-content\/uploads\/sites\/2\/2013\/11\/greve_19-11-2013-2-1200x385.jpg 1200w, https:\/\/cnt-so.org\/13\/wp-content\/uploads\/sites\/2\/2013\/11\/greve_19-11-2013-2-1980x635.jpg 1980w\" sizes=\"auto, (max-width: 2486px) 100vw, 2486px\" \/><\/p>\n","protected":false},"excerpt":{"rendered":"<p>Rosa Parks (15\u00b0)\u00a0: mobilisation pour un coll\u00e8ge \u00e0 taille humaine Les enseignant-e-s du coll\u00e8ge Rosa Parks, \u00e9tablissement ECLAIR* du 15\u00b0 arrondissement, \u00e9taient majoritairement en gr\u00e8ve le mardi 19 novembre, revendiquant le maintien des effectifs du coll\u00e8ge en dessous du seuil des 500 \u00e9l\u00e8ves. Cette barre des 500 \u00e9l\u00e8ves, correspond aux capacit\u00e9s maximum d&rsquo;accueil, de cet [&hellip;]<\/p>\n","protected":false},"author":3,"featured_media":1462,"comment_status":"closed","ping_status":"open","sticky":false,"template":"","format":"standard","meta":{"footnotes":""},"categories":[65],"tags":[],"class_list":["post-1464","post","type-post","status-publish","format-standard","has-post-thumbnail","hentry","category-actualites-luttes"],"_links":{"self":[{"href":"https:\/\/cnt-so.org\/13\/wp-json\/wp\/v2\/posts\/1464","targetHints":{"allow":["GET"]}}],"collection":[{"href":"https:\/\/cnt-so.org\/13\/wp-json\/wp\/v2\/posts"}],"about":[{"href":"https:\/\/cnt-so.org\/13\/wp-json\/wp\/v2\/types\/post"}],"author":[{"embeddable":true,"href":"https:\/\/cnt-so.org\/13\/wp-json\/wp\/v2\/users\/3"}],"replies":[{"embeddable":true,"href":"https:\/\/cnt-so.org\/13\/wp-json\/wp\/v2\/comments?post=1464"}],"version-history":[{"count":0,"href":"https:\/\/cnt-so.org\/13\/wp-json\/wp\/v2\/posts\/1464\/revisions"}],"wp:featuredmedia":[{"embeddable":true,"href":"https:\/\/cnt-so.org\/13\/wp-json\/wp\/v2\/media\/1462"}],"wp:attachment":[{"href":"https:\/\/cnt-so.org\/13\/wp-json\/wp\/v2\/media?parent=1464"}],"wp:term":[{"taxonomy":"category","embeddable":true,"href":"https:\/\/cnt-so.org\/13\/wp-json\/wp\/v2\/categories?post=1464"},{"taxonomy":"post_tag","embeddable":true,"href":"https:\/\/cnt-so.org\/13\/wp-json\/wp\/v2\/tags?post=1464"}],"curies":[{"name":"wp","href":"https:\/\/api.w.org\/{rel}","templated":true}]}}