{"id":1493,"date":"2014-02-06T16:37:24","date_gmt":"2014-02-06T15:37:24","guid":{"rendered":"https:\/\/testwp.cnt-so.org\/13\/2014\/02\/06\/education-prioritaire-dgh-debut-de-mobilisation-a-marseille\/"},"modified":"2014-02-06T16:37:24","modified_gmt":"2014-02-06T15:37:24","slug":"education-prioritaire-dgh-debut-de-mobilisation-a-marseille","status":"publish","type":"post","link":"https:\/\/cnt-so.org\/13\/2014\/02\/06\/education-prioritaire-dgh-debut-de-mobilisation-a-marseille\/","title":{"rendered":"Education Prioritaire \/ DGH : d\u00e9but de mobilisation \u00e0 Marseille"},"content":{"rendered":"<p>Le syndicat Education\/Recherche 13 de la CNT-Solidarit\u00e9 Ouvri\u00e8re relaie l&rsquo;appel suivant. Il invite le plus grand nombre \u00e0 se rendre \u00e0 l&rsquo;Assembl\u00e9e G\u00e9n\u00e9rale le lundi 10 f\u00e9vrier \u00e0 la Bourse du Travail (salle Allende)  \u00e0 17h30, 23 Bd Charles N\u00e9d\u00e9lec, \u00e0 Marseille :<\/p>\n<p><strong>APPEL AG Pr\u00e9paratoire pour une Mobilisation contre les DGH<\/strong><\/p>\n<p>Enseignants des coll\u00e8ges Belle de Mai, Mallarm\u00e9 et Rostand, nous avons fait le constat de la baisse cons\u00e9quente de nos DGH et souhaiterions r\u00e9agir face \u00e0 cette situation.<br \/>\nNos cas sont loin d&rsquo;\u00eatre isol\u00e9s puisque la baisse de la DGH touche un tr\u00e8s grand nombre d&rsquo;\u00e9tablissements : lyc\u00e9es, lyc\u00e9es Pro, coll\u00e8ges, y compris les ECLAIR pourtant \u00ab r\u00e9form\u00e9s \u00bb par Peillon quelques jours avant l&rsquo;annonce des DGH. Le d\u00e9calage entre ce qui a \u00e9t\u00e9 annonc\u00e9 et la r\u00e9alit\u00e9 de nos dotations confine au mensonge. <\/p>\n<p>Seuls 100 \u00e9tablissements ECLAIR (rebaptis\u00e9s REP) sur les 339 sont concern\u00e9s par la r\u00e9forme et deviennent des REP+ : il y en a 10 sur 24 dans les Bouches du Rh\u00f4ne. L&rsquo;ensemble des coll\u00e8ges REP du d\u00e9partement perdent 230 heures ! Loin de s&rsquo;am\u00e9liorer, les conditions de travail s&rsquo;aggravent puisque <\/p>\n<p>nous devrons fonctionner \u00e0 l&rsquo;identique avec moins d&rsquo;heures (donc choix \u00e0 faire entre mati\u00e8res, demi-groupes \u00e0 faire sauter, etc).<br \/>\nDans les REP, la revalorisation de 50% de la prime ZEP annonc\u00e9e par Peillon (soit + 40 euros !) ne sera effective qu&rsquo;\u00e0 la rentr\u00e9e 2015 et il n&rsquo;y en aura pas dans les lyc\u00e9es.<br \/>\nConcernant les REP+, dont les crit\u00e8res utilis\u00e9s pour en \u00e9tablir la liste demeurent tr\u00e8s flous, il y aura bien une pond\u00e9ration de 1,1 ce qui revient \u00e0 une d\u00e9charge de 1h30 de concertation par semaine. Selon les \u00e9tablissements, il s&rsquo;agira d&rsquo;HSA ou d&rsquo;HP.<\/p>\n<p>Largement de quoi r\u00e9agir et se mobiliser pour d&rsquo;une part obtenir ce qui a \u00e9t\u00e9 promis et d&rsquo;autre part d\u00e9noncer ce mensonge claironn\u00e9 sur tous les fronts m\u00e9diatiques (voir par exemple l&rsquo;article de Lib\u00e9ration ci-dessous).<br \/>\nhttp:\/\/www.liberation.fr\/politiques\/2014\/01\/16\/education-prioritaire-pas-de-perdant-dans-la-reforme-affirme-peillon_973226<\/p>\n<p>Plusieurs \u00e9tablissements sont d\u00e9j\u00e0 entr\u00e9s en mobilisation dans les acad\u00e9mies de Versailles et Cr\u00e9teil.<br \/>\nDes gr\u00e8ves ont eu lieu la semaine derni\u00e8re et se poursuivent cette semaine.<br \/>\nIl semble donc important voire urgent de nous mobiliser \u00e0 notre tour et de coordonner nos actions.<br \/>\nIl serait donc extr\u00eamement utile de nous r\u00e9unir en AG pr\u00e9paratoire.<br \/>\nA l&rsquo;initiative des enseignants des coll\u00e8ges cit\u00e9s, une date et un lieu ont \u00e9t\u00e9 fix\u00e9s pour nous r\u00e9unir en AG:<\/p>\n<p><strong>Le Lundi 10 f\u00e9vrier \u00e0 la Bourse du Travail (salle Allende)  \u00e0 17h30, 23 Bd Charles N\u00e9d\u00e9lec, 13003<\/strong><\/p>\n","protected":false},"excerpt":{"rendered":"<p>Le syndicat Education\/Recherche 13 de la CNT-Solidarit\u00e9 Ouvri\u00e8re relaie l&rsquo;appel suivant. Il invite le plus grand nombre \u00e0 se rendre \u00e0 l&rsquo;Assembl\u00e9e G\u00e9n\u00e9rale le lundi 10 f\u00e9vrier \u00e0 la Bourse du Travail (salle Allende) \u00e0 17h30, 23 Bd Charles N\u00e9d\u00e9lec, \u00e0 Marseille : APPEL AG Pr\u00e9paratoire pour une Mobilisation contre les DGH Enseignants des coll\u00e8ges [&hellip;]<\/p>\n","protected":false},"author":3,"featured_media":1492,"comment_status":"closed","ping_status":"open","sticky":false,"template":"","format":"standard","meta":{"footnotes":""},"categories":[65],"tags":[],"class_list":["post-1493","post","type-post","status-publish","format-standard","has-post-thumbnail","hentry","category-actualites-luttes"],"_links":{"self":[{"href":"https:\/\/cnt-so.org\/13\/wp-json\/wp\/v2\/posts\/1493","targetHints":{"allow":["GET"]}}],"collection":[{"href":"https:\/\/cnt-so.org\/13\/wp-json\/wp\/v2\/posts"}],"about":[{"href":"https:\/\/cnt-so.org\/13\/wp-json\/wp\/v2\/types\/post"}],"author":[{"embeddable":true,"href":"https:\/\/cnt-so.org\/13\/wp-json\/wp\/v2\/users\/3"}],"replies":[{"embeddable":true,"href":"https:\/\/cnt-so.org\/13\/wp-json\/wp\/v2\/comments?post=1493"}],"version-history":[{"count":0,"href":"https:\/\/cnt-so.org\/13\/wp-json\/wp\/v2\/posts\/1493\/revisions"}],"wp:featuredmedia":[{"embeddable":true,"href":"https:\/\/cnt-so.org\/13\/wp-json\/wp\/v2\/media\/1492"}],"wp:attachment":[{"href":"https:\/\/cnt-so.org\/13\/wp-json\/wp\/v2\/media?parent=1493"}],"wp:term":[{"taxonomy":"category","embeddable":true,"href":"https:\/\/cnt-so.org\/13\/wp-json\/wp\/v2\/categories?post=1493"},{"taxonomy":"post_tag","embeddable":true,"href":"https:\/\/cnt-so.org\/13\/wp-json\/wp\/v2\/tags?post=1493"}],"curies":[{"name":"wp","href":"https:\/\/api.w.org\/{rel}","templated":true}]}}