{"id":1529,"date":"2014-04-18T12:39:00","date_gmt":"2014-04-18T10:39:00","guid":{"rendered":"https:\/\/testwp.cnt-so.org\/13\/2014\/04\/18\/1er-mai-2014-rendez-vous-a-marseille\/"},"modified":"2014-04-18T12:39:00","modified_gmt":"2014-04-18T10:39:00","slug":"1er-mai-2014-rendez-vous-a-marseille","status":"publish","type":"post","link":"https:\/\/cnt-so.org\/13\/2014\/04\/18\/1er-mai-2014-rendez-vous-a-marseille\/","title":{"rendered":"1er mai 2014 : Rendez-vous \u00e0 Marseille"},"content":{"rendered":"<p><a href=\"https:\/\/cnt-so.org\/\/13\/wp-content\/uploads\/sites\/2\/2014\/04\/1mai2014.pdf\">Tract_1ermai2014<\/a> Contre le plan d\u2019aust\u00e9rit\u00e9 du gouvernement et la r\u00e9duction des droits sociaux : salaires, retraites, prestations familiales, assurance maladie, \u2026<\/p>\n<p>Contre la casse de nos droits<br \/>\net pour la d\u00e9fense de notre dignit\u00e9 !<\/p>\n<p><strong>Tous \u00e0 la manifestation du 1er mai ! Marseille \u00e0 10h30, Porte d&rsquo;Aix<\/strong><\/p>\n<p><em>La CNT-Solidarit\u00e9 Ouvri\u00e8re vous donne rendez-vous devant la Poste.<\/em><\/p>\n<p><img loading=\"lazy\" decoding=\"async\" class=\" aligncenter size-full wp-image-1528\" src=\"https:\/\/cnt-so.org\/\/13\/wp-content\/uploads\/sites\/2\/2014\/04\/b6a1c458b279065126a186145b154eb4.jpg\" alt=\"b6a1c458b279065126a186145b154eb4.jpg\" align=\"center\" width=\"302\" height=\"210\" srcset=\"https:\/\/cnt-so.org\/13\/wp-content\/uploads\/sites\/2\/2014\/04\/b6a1c458b279065126a186145b154eb4.jpg 302w, https:\/\/cnt-so.org\/13\/wp-content\/uploads\/sites\/2\/2014\/04\/b6a1c458b279065126a186145b154eb4-300x209.jpg 300w\" sizes=\"auto, (max-width: 302px) 100vw, 302px\" \/><\/p>\n","protected":false},"excerpt":{"rendered":"<p>Tract_1ermai2014 Contre le plan d\u2019aust\u00e9rit\u00e9 du gouvernement et la r\u00e9duction des droits sociaux : salaires, retraites, prestations familiales, assurance maladie, \u2026 Contre la casse de nos droits et pour la d\u00e9fense de notre dignit\u00e9 ! Tous \u00e0 la manifestation du 1er mai ! Marseille \u00e0 10h30, Porte d&rsquo;Aix La CNT-Solidarit\u00e9 Ouvri\u00e8re vous donne rendez-vous devant [&hellip;]<\/p>\n","protected":false},"author":3,"featured_media":1526,"comment_status":"closed","ping_status":"open","sticky":false,"template":"","format":"standard","meta":{"footnotes":""},"categories":[76],"tags":[],"class_list":["post-1529","post","type-post","status-publish","format-standard","has-post-thumbnail","hentry","category-actualites-luttes-interpro"],"_links":{"self":[{"href":"https:\/\/cnt-so.org\/13\/wp-json\/wp\/v2\/posts\/1529","targetHints":{"allow":["GET"]}}],"collection":[{"href":"https:\/\/cnt-so.org\/13\/wp-json\/wp\/v2\/posts"}],"about":[{"href":"https:\/\/cnt-so.org\/13\/wp-json\/wp\/v2\/types\/post"}],"author":[{"embeddable":true,"href":"https:\/\/cnt-so.org\/13\/wp-json\/wp\/v2\/users\/3"}],"replies":[{"embeddable":true,"href":"https:\/\/cnt-so.org\/13\/wp-json\/wp\/v2\/comments?post=1529"}],"version-history":[{"count":0,"href":"https:\/\/cnt-so.org\/13\/wp-json\/wp\/v2\/posts\/1529\/revisions"}],"wp:featuredmedia":[{"embeddable":true,"href":"https:\/\/cnt-so.org\/13\/wp-json\/wp\/v2\/media\/1526"}],"wp:attachment":[{"href":"https:\/\/cnt-so.org\/13\/wp-json\/wp\/v2\/media?parent=1529"}],"wp:term":[{"taxonomy":"category","embeddable":true,"href":"https:\/\/cnt-so.org\/13\/wp-json\/wp\/v2\/categories?post=1529"},{"taxonomy":"post_tag","embeddable":true,"href":"https:\/\/cnt-so.org\/13\/wp-json\/wp\/v2\/tags?post=1529"}],"curies":[{"name":"wp","href":"https:\/\/api.w.org\/{rel}","templated":true}]}}