{"id":1538,"date":"2014-05-08T22:00:00","date_gmt":"2014-05-08T20:00:00","guid":{"rendered":"https:\/\/testwp.cnt-so.org\/13\/2014\/05\/08\/education-fonction-publique-greve-et-manifestation-unitaires-le-15-mai-2014\/"},"modified":"2014-05-08T22:00:00","modified_gmt":"2014-05-08T20:00:00","slug":"education-fonction-publique-greve-et-manifestation-unitaires-le-15-mai-2014","status":"publish","type":"post","link":"https:\/\/cnt-so.org\/13\/2014\/05\/08\/education-fonction-publique-greve-et-manifestation-unitaires-le-15-mai-2014\/","title":{"rendered":"Education \/ Fonction publique : gr\u00e8ve et manifestation unitaires le 15 mai 2014"},"content":{"rendered":"<p><strong>Gr\u00e8ve et manifestation unitaires dans l&rsquo;\u00e9ducation le 15 Mai<br \/>\nAppel de l&rsquo;intersyndicale \u00e9ducation des Bouches du Rh\u00f4ne<br \/>\nCGT Educ&rsquo;action, CNT-SO, FAEN, FIDL, FSU, SGEN-CFDT, SUD Education, UNEF, UNL, SE- UNSA<\/strong><\/p>\n<p>Dans l&rsquo;\u00e9ducation nationale, les cr\u00e9ations de postes doivent \u00eatre sanctuaris\u00e9es et effectivement concr\u00e9tis\u00e9es par des recrutements. Il faut rendre aux m\u00e9tiers de l&rsquo;\u00e9ducation toute leur attractivit\u00e9 afin de p\u00e9renniser les recrutements. En l&rsquo;\u00e9tat, ces cr\u00e9ations ne sont pas suffisantes pour faire face aux besoins, comme dans les Bouches du Rh\u00f4ne, par exemple : augmentation d\u00e9mographique des effectifs scolaris\u00e9s, plan d&rsquo;urgence Marseille, relance de l&rsquo;\u00e9ducation prioritaire, r\u00e9sorption de la pr\u00e9carit\u00e9&#8230; On assiste \u00e0 des red\u00e9ploiements qui fragilisent certains \u00e9tablissements, CIO ou services administratifs et comptables.<br \/>\nLes budgets des \u00e9tablissements, du second degr\u00e9 comme dans le sup\u00e9rieur, sont r\u00e9duits malgr\u00e9 les besoins en cr\u00e9dits de fonctionnement, en cr\u00e9dits p\u00e9dagogiques, en fonds sociaux..<br \/>\nConcernant les rythmes scolaires, nous exigeons que les revendications des personnels ainsi que l\u2019int\u00e9r\u00eat des \u00e9l\u00e8ves soient pris en compte par le minist\u00e8re.<br \/>\nLes orientations budg\u00e9taires ne sont pas conformes \u00e0 la priorit\u00e9 \u00e0 la jeunesse affich\u00e9es par le gouvernement .<br \/>\n[&#8230;]<br \/>\n<strong>La suite de l&rsquo;appel :<\/strong><\/p>\n<p><a href=\"https:\/\/cnt-so.org\/\/13\/wp-content\/uploads\/sites\/2\/2014\/05\/appel_commun_education_15mai2014.pdf\">15mai2014_intersyndicale13<\/a><\/p>\n<p><strong>A Marseille, Manifestation \u00e0 10h30 sur le Vieux Port pour aller jusqu&rsquo;\u00e0 la Pr\u00e9fecture.<\/strong><\/p>\n","protected":false},"excerpt":{"rendered":"<p>Gr\u00e8ve et manifestation unitaires dans l&rsquo;\u00e9ducation le 15 Mai Appel de l&rsquo;intersyndicale \u00e9ducation des Bouches du Rh\u00f4ne CGT Educ&rsquo;action, CNT-SO, FAEN, FIDL, FSU, SGEN-CFDT, SUD Education, UNEF, UNL, SE- UNSA Dans l&rsquo;\u00e9ducation nationale, les cr\u00e9ations de postes doivent \u00eatre sanctuaris\u00e9es et effectivement concr\u00e9tis\u00e9es par des recrutements. Il faut rendre aux m\u00e9tiers de l&rsquo;\u00e9ducation toute leur [&hellip;]<\/p>\n","protected":false},"author":3,"featured_media":1536,"comment_status":"closed","ping_status":"open","sticky":false,"template":"","format":"standard","meta":{"footnotes":""},"categories":[65],"tags":[],"class_list":["post-1538","post","type-post","status-publish","format-standard","has-post-thumbnail","hentry","category-actualites-luttes"],"_links":{"self":[{"href":"https:\/\/cnt-so.org\/13\/wp-json\/wp\/v2\/posts\/1538","targetHints":{"allow":["GET"]}}],"collection":[{"href":"https:\/\/cnt-so.org\/13\/wp-json\/wp\/v2\/posts"}],"about":[{"href":"https:\/\/cnt-so.org\/13\/wp-json\/wp\/v2\/types\/post"}],"author":[{"embeddable":true,"href":"https:\/\/cnt-so.org\/13\/wp-json\/wp\/v2\/users\/3"}],"replies":[{"embeddable":true,"href":"https:\/\/cnt-so.org\/13\/wp-json\/wp\/v2\/comments?post=1538"}],"version-history":[{"count":0,"href":"https:\/\/cnt-so.org\/13\/wp-json\/wp\/v2\/posts\/1538\/revisions"}],"wp:featuredmedia":[{"embeddable":true,"href":"https:\/\/cnt-so.org\/13\/wp-json\/wp\/v2\/media\/1536"}],"wp:attachment":[{"href":"https:\/\/cnt-so.org\/13\/wp-json\/wp\/v2\/media?parent=1538"}],"wp:term":[{"taxonomy":"category","embeddable":true,"href":"https:\/\/cnt-so.org\/13\/wp-json\/wp\/v2\/categories?post=1538"},{"taxonomy":"post_tag","embeddable":true,"href":"https:\/\/cnt-so.org\/13\/wp-json\/wp\/v2\/tags?post=1538"}],"curies":[{"name":"wp","href":"https:\/\/api.w.org\/{rel}","templated":true}]}}