{"id":1696,"date":"2015-09-14T00:00:00","date_gmt":"2015-09-13T22:00:00","guid":{"rendered":"https:\/\/testwp.cnt-so.org\/13\/2015\/09\/14\/nettoyage-acte-de-naissance-dun-nouveau-syndicat\/"},"modified":"2015-09-14T00:00:00","modified_gmt":"2015-09-13T22:00:00","slug":"nettoyage-acte-de-naissance-dun-nouveau-syndicat","status":"publish","type":"post","link":"https:\/\/cnt-so.org\/13\/2015\/09\/14\/nettoyage-acte-de-naissance-dun-nouveau-syndicat\/","title":{"rendered":"Nettoyage : Acte de naissance d\u2019un nouveau syndicat"},"content":{"rendered":"<p><em> Apr\u00e8s plus d\u2019un an d\u2019activit\u00e9 et de d\u00e9veloppement dans le cadre de notre syndicat national, le syndicat du Commerce, du Nettoyage et des Services de la r\u00e9gion P.A.C.A a \u00e9t\u00e9 cr\u00e9\u00e9 et d\u00e9pos\u00e9 \u00e0 Marseille cet \u00e9t\u00e9.<\/em><\/p>\n<p>Le syndicat compte d\u00e9j\u00e0 des \u00e9quipes syndicales actives principalement dans la sous-traitance h\u00f4teli\u00e8re, l\u2019entretien d\u2019immeubles ou de bureaux. Il a d\u00e9j\u00e0 men\u00e9 plusieurs mouvements revendicatifs, de multiples interventions aupr\u00e8s des employeurs et d\u00e9pos\u00e9 de nombreux dossiers devant les Prud\u2019hommes dans le cadre de sa permanence juridique. En parall\u00e8le des ces actions, le syndicat a organis\u00e9 r\u00e9guli\u00e8rement des stages syndicaux th\u00e9matiques, des formations notamment sur les mandats syndicaux et la repr\u00e9sentation du personnel ainsi que l\u2019animation des sections et des luttes dans les entreprises.<\/p>\n<p><strong>Nous appelons tous les travailleurs et travailleuses du Nettoyage, du Commerce et des Services \u00e0 rejoindre et renforcer leur syndicat, pour faire vivre, dans notre secteur, sur Marseille et sa r\u00e9gion, un syndicalisme combattif, ind\u00e9pendant des patrons et dirig\u00e9 par la base !<\/strong> <img loading=\"lazy\" decoding=\"async\" class=\" aligncenter size-full wp-image-1695\" src=\"https:\/\/cnt-so.org\/\/13\/wp-content\/uploads\/sites\/2\/2015\/09\/p1200035-3.jpg\" alt=\"p1200035-3.jpg\" align=\"center\" width=\"415\" height=\"311\" srcset=\"https:\/\/cnt-so.org\/13\/wp-content\/uploads\/sites\/2\/2015\/09\/p1200035-3.jpg 415w, https:\/\/cnt-so.org\/13\/wp-content\/uploads\/sites\/2\/2015\/09\/p1200035-3-300x225.jpg 300w\" sizes=\"auto, (max-width: 415px) 100vw, 415px\" \/><\/p>\n","protected":false},"excerpt":{"rendered":"<p>Apr\u00e8s plus d\u2019un an d\u2019activit\u00e9 et de d\u00e9veloppement dans le cadre de notre syndicat national, le syndicat du Commerce, du Nettoyage et des Services de la r\u00e9gion P.A.C.A a \u00e9t\u00e9 cr\u00e9\u00e9 et d\u00e9pos\u00e9 \u00e0 Marseille cet \u00e9t\u00e9. Le syndicat compte d\u00e9j\u00e0 des \u00e9quipes syndicales actives principalement dans la sous-traitance h\u00f4teli\u00e8re, l\u2019entretien d\u2019immeubles ou de bureaux. [&hellip;]<\/p>\n","protected":false},"author":3,"featured_media":1694,"comment_status":"closed","ping_status":"open","sticky":false,"template":"","format":"standard","meta":{"footnotes":""},"categories":[75],"tags":[],"class_list":["post-1696","post","type-post","status-publish","format-standard","has-post-thumbnail","hentry","category-actualites-luttes-nettoyage"],"_links":{"self":[{"href":"https:\/\/cnt-so.org\/13\/wp-json\/wp\/v2\/posts\/1696","targetHints":{"allow":["GET"]}}],"collection":[{"href":"https:\/\/cnt-so.org\/13\/wp-json\/wp\/v2\/posts"}],"about":[{"href":"https:\/\/cnt-so.org\/13\/wp-json\/wp\/v2\/types\/post"}],"author":[{"embeddable":true,"href":"https:\/\/cnt-so.org\/13\/wp-json\/wp\/v2\/users\/3"}],"replies":[{"embeddable":true,"href":"https:\/\/cnt-so.org\/13\/wp-json\/wp\/v2\/comments?post=1696"}],"version-history":[{"count":0,"href":"https:\/\/cnt-so.org\/13\/wp-json\/wp\/v2\/posts\/1696\/revisions"}],"wp:featuredmedia":[{"embeddable":true,"href":"https:\/\/cnt-so.org\/13\/wp-json\/wp\/v2\/media\/1694"}],"wp:attachment":[{"href":"https:\/\/cnt-so.org\/13\/wp-json\/wp\/v2\/media?parent=1696"}],"wp:term":[{"taxonomy":"category","embeddable":true,"href":"https:\/\/cnt-so.org\/13\/wp-json\/wp\/v2\/categories?post=1696"},{"taxonomy":"post_tag","embeddable":true,"href":"https:\/\/cnt-so.org\/13\/wp-json\/wp\/v2\/tags?post=1696"}],"curies":[{"name":"wp","href":"https:\/\/api.w.org\/{rel}","templated":true}]}}