{"id":1750,"date":"2016-03-01T13:40:41","date_gmt":"2016-03-01T12:40:41","guid":{"rendered":"https:\/\/testwp.cnt-so.org\/13\/2016\/03\/01\/convention-assurance-chomage-communique-unitaire\/"},"modified":"2016-03-01T13:40:41","modified_gmt":"2016-03-01T12:40:41","slug":"convention-assurance-chomage-communique-unitaire","status":"publish","type":"post","link":"https:\/\/cnt-so.org\/13\/2016\/03\/01\/convention-assurance-chomage-communique-unitaire\/","title":{"rendered":"Convention Assurance Ch\u00f4mage : communiqu\u00e9 unitaire"},"content":{"rendered":"<p><strong>Convention Assurance Ch\u00f4mage : communiqu\u00e9 unitaire<\/strong><\/p>\n<p><em>Communiqu\u00e9 diffus\u00e9 le jour d\u2019ouverture de \u00ab\u00a0n\u00e9gociations\u00a0\u00bb de l\u2019assurance ch\u00f4mage par les associations et syndicats suivants, &#8211; : AC !, Agir ensemble contre le Ch\u00f4mage ! &#8211; APEIS, Association Pour l\u2019Emploi, l\u2019Information et la Solidarit\u00e9 \u2013 MNCP, Mouvement national des ch\u00f4meurs et pr\u00e9caires \u2013 Le Collectif Les Matermittentes \u2013 Recours Radiation &#8211; CGT Ch\u00f4meurs \u2013 CIP-Idf, Coordination des intermittents et pr\u00e9caires \u2013 CNT-SO &#8211; FNSAC, F\u00e9d\u00e9ration nationale des syndicats du spectacle de l\u2019audiovisuel et de l\u2019action culturelle CGT &#8211; SUD Culture &#8211; Union Syndicale de l\u2019Int\u00e9rim CGT &#8211; SNU P\u00f4le Emploi &#8211; SUD Emploi<\/em><\/p>\n<p>Le 22 f\u00e9vrier 2016 commence le cycle de ren\u00e9gociation de la convention relative \u00e0 l\u2019indemnisation des ch\u00f4meur-ses qui doit aboutir en juillet \u00e0 un agr\u00e9ment minist\u00e9riel. On entend d\u00e9j\u00e0 les organisations patronales et le gouvernement marteler de concert l\u2019argument sur le d\u00e9ficit des caisses de l\u2019Un\u00e9dic.<\/p>\n<p>Financer l\u2019Un\u00e9dic est un choix politique. Mais les organisations patronales, avec la complicit\u00e9 active des gouvernements successifs, travaillent \u00e0 la destruction de l\u2019ensemble des organismes sociaux, de la S\u00e9curit\u00e9 sociale ainsi que des services publics.<\/p>\n<p>L\u2019argument du d\u00e9ficit de l\u2019Un\u00e9dic n\u2019est qu\u2019un pr\u00e9texte pour justifier la d\u00e9gradation des droits des ch\u00f4meur-ses et pr\u00e9caires. La menace de la d\u00e9gressivit\u00e9 des allocations est \u00e0 nouveau avanc\u00e9e comme une solution pour limiter les d\u00e9penses et acc\u00e9l\u00e9rer le soi-disant retour \u00e0 l\u2019emploi des ch\u00f4meur-ses et pr\u00e9caires. Et la Cour des comptes pr\u00e9conise de r\u00e9duire le nombre de jours indemnis\u00e9s et le montant des allocations.<\/p>\n<p>Mais ce sont les entreprises qui licencient, organisent la flexibilit\u00e9 et en cons\u00e9quence pr\u00e9carisent les travailleurs. Ce sont les entreprises et les actionnaires qui empochent des aides publiques et les exon\u00e9rations sociales sans embauches en contrepartie. Financer les soi-disant 29 milliards d\u2019euros de dette de l\u2019Un\u00e9dic ne devrait pas poser de probl\u00e8me :<br \/>\n&#8211; Chaque ann\u00e9e, 30 milliards de revenus fiscaux sont transf\u00e9r\u00e9s vers les grandes entreprises via le CICE et le pacte de responsabilit\u00e9.<br \/>\n&#8211; Chaque ann\u00e9e, les fraudes des employeurs sur les cotisations sociales co\u00fbtent 20 milliards.<br \/>\n&#8211; Chaque ann\u00e9e, les contrats courts et les ruptures conventionnelles co\u00fbtent 12 milliards \u00e0 l\u2019Un\u00e9dic.<br \/>\n&#8211; Une augmentation de 0,2 point des cotisations employeurs permettrait d\u2019augmenter les recettes de l\u2019Un\u00e9dic d\u2019un milliard.<\/p>\n<p>L\u2019assurance ch\u00f4mage nous concerne toutes et tous : pr\u00e9caires, intermittent-es, int\u00e9rimaires, jeunes, ch\u00f4meur-ses et tous les salari\u00e9-es. Tous, nous devons nous mobiliser pour d\u00e9fendre une assurance ch\u00f4mage juste et \u00e9quitable, et conqu\u00e9rir de nouveaux droits.<br \/>\nNous revendiquons :<br \/>\n\u00b7 l\u2019indemnisation et la revalorisation de toutes les formes de ch\u00f4mage et de pr\u00e9carit\u00e9,<br \/>\n\u00b7 la garantie d\u2019un revenu personnel d\u00e9cent et la continuit\u00e9 des droits sociaux,<br \/>\n\u00b7 le libre choix de son emploi et de sa formation,<br \/>\n\u00b7 l\u2019augmentation du taux de cotisation des employeurs,<br \/>\n\u00b7 la surcotisation des employeurs sur les contrats courts,<br \/>\n\u00b7 l\u2019\u00e9largissement du financement aux profits et aux dividendes des actionnaires.<\/p>\n","protected":false},"excerpt":{"rendered":"<p>Convention Assurance Ch\u00f4mage : communiqu\u00e9 unitaire Communiqu\u00e9 diffus\u00e9 le jour d\u2019ouverture de \u00ab\u00a0n\u00e9gociations\u00a0\u00bb de l\u2019assurance ch\u00f4mage par les associations et syndicats suivants, &#8211; : AC !, Agir ensemble contre le Ch\u00f4mage ! &#8211; APEIS, Association Pour l\u2019Emploi, l\u2019Information et la Solidarit\u00e9 \u2013 MNCP, Mouvement national des ch\u00f4meurs et pr\u00e9caires \u2013 Le Collectif Les Matermittentes \u2013 [&hellip;]<\/p>\n","protected":false},"author":3,"featured_media":1749,"comment_status":"closed","ping_status":"open","sticky":false,"template":"","format":"standard","meta":{"footnotes":""},"categories":[76],"tags":[],"class_list":["post-1750","post","type-post","status-publish","format-standard","has-post-thumbnail","hentry","category-actualites-luttes-interpro"],"_links":{"self":[{"href":"https:\/\/cnt-so.org\/13\/wp-json\/wp\/v2\/posts\/1750","targetHints":{"allow":["GET"]}}],"collection":[{"href":"https:\/\/cnt-so.org\/13\/wp-json\/wp\/v2\/posts"}],"about":[{"href":"https:\/\/cnt-so.org\/13\/wp-json\/wp\/v2\/types\/post"}],"author":[{"embeddable":true,"href":"https:\/\/cnt-so.org\/13\/wp-json\/wp\/v2\/users\/3"}],"replies":[{"embeddable":true,"href":"https:\/\/cnt-so.org\/13\/wp-json\/wp\/v2\/comments?post=1750"}],"version-history":[{"count":0,"href":"https:\/\/cnt-so.org\/13\/wp-json\/wp\/v2\/posts\/1750\/revisions"}],"wp:featuredmedia":[{"embeddable":true,"href":"https:\/\/cnt-so.org\/13\/wp-json\/wp\/v2\/media\/1749"}],"wp:attachment":[{"href":"https:\/\/cnt-so.org\/13\/wp-json\/wp\/v2\/media?parent=1750"}],"wp:term":[{"taxonomy":"category","embeddable":true,"href":"https:\/\/cnt-so.org\/13\/wp-json\/wp\/v2\/categories?post=1750"},{"taxonomy":"post_tag","embeddable":true,"href":"https:\/\/cnt-so.org\/13\/wp-json\/wp\/v2\/tags?post=1750"}],"curies":[{"name":"wp","href":"https:\/\/api.w.org\/{rel}","templated":true}]}}