{"id":1789,"date":"2016-04-15T17:46:42","date_gmt":"2016-04-15T15:46:42","guid":{"rendered":"https:\/\/testwp.cnt-so.org\/13\/2016\/04\/15\/maitrise-de-la-langue-et-discriminations-rencontre-debat-le-mercredi-20-avril\/"},"modified":"2016-04-15T17:46:42","modified_gmt":"2016-04-15T15:46:42","slug":"maitrise-de-la-langue-et-discriminations-rencontre-debat-le-mercredi-20-avril","status":"publish","type":"post","link":"https:\/\/cnt-so.org\/13\/2016\/04\/15\/maitrise-de-la-langue-et-discriminations-rencontre-debat-le-mercredi-20-avril\/","title":{"rendered":"\u00ab\u00a0Ma\u00eetrise de la langue et discriminations\u00a0\u00bb : rencontre-d\u00e9bat le mercredi 20 avril"},"content":{"rendered":"<h2>Enseignant-e-s, formatrices et formateurs : quelles pratiques pour r\u00e9sister \u00e0 la glottophobie ?  Quelles pratiques pour r\u00e9sister \u00e0 la haine de certaines formes linguistiques consid\u00e9r\u00e9es comme inf\u00e9rieures ?<\/h2>\n<p><em>Rencontre d\u00e9bat avec St\u00e9phanie CLERC CONAN, sociodidacticienne des langues-cultures, enseignante-chercheure \u00e0 l\u2019Universit\u00e9 d\u2019Aix-Marseille<\/em><\/p>\n<p><em>Organis\u00e9e par le Collectif FLE Marseille Sud-Est, SUD \u00e9ducation Bouches-du-Rh\u00f4ne et la CNT-SO \u00c9ducation 13<\/em><\/p>\n<p><a href=\"http:\/\/www.cnt-so.org\/13\/IMG\/pdf\/glottophobie_2016-04-20_ok.pdf\"><img loading=\"lazy\" decoding=\"async\" class=\" aligncenter size-full wp-image-1788\" src=\"https:\/\/cnt-so.org\/\/13\/wp-content\/uploads\/sites\/2\/2016\/04\/affiche_20-04-16_v1.png\" alt=\"affiche_20-04-16_v1.png\" align=\"center\" width=\"826\" height=\"1169\" srcset=\"https:\/\/cnt-so.org\/13\/wp-content\/uploads\/sites\/2\/2016\/04\/affiche_20-04-16_v1.png 826w, https:\/\/cnt-so.org\/13\/wp-content\/uploads\/sites\/2\/2016\/04\/affiche_20-04-16_v1-212x300.png 212w, https:\/\/cnt-so.org\/13\/wp-content\/uploads\/sites\/2\/2016\/04\/affiche_20-04-16_v1-724x1024.png 724w, https:\/\/cnt-so.org\/13\/wp-content\/uploads\/sites\/2\/2016\/04\/affiche_20-04-16_v1-768x1087.png 768w\" sizes=\"auto, (max-width: 826px) 100vw, 826px\" \/><\/a><\/p>\n","protected":false},"excerpt":{"rendered":"<p>Enseignant-e-s, formatrices et formateurs : quelles pratiques pour r\u00e9sister \u00e0 la glottophobie ? Quelles pratiques pour r\u00e9sister \u00e0 la haine de certaines formes linguistiques consid\u00e9r\u00e9es comme inf\u00e9rieures ? Rencontre d\u00e9bat avec St\u00e9phanie CLERC CONAN, sociodidacticienne des langues-cultures, enseignante-chercheure \u00e0 l\u2019Universit\u00e9 d\u2019Aix-Marseille Organis\u00e9e par le Collectif FLE Marseille Sud-Est, SUD \u00e9ducation Bouches-du-Rh\u00f4ne et la CNT-SO \u00c9ducation [&hellip;]<\/p>\n","protected":false},"author":3,"featured_media":1787,"comment_status":"closed","ping_status":"open","sticky":false,"template":"","format":"standard","meta":{"footnotes":""},"categories":[65],"tags":[],"class_list":["post-1789","post","type-post","status-publish","format-standard","has-post-thumbnail","hentry","category-actualites-luttes"],"_links":{"self":[{"href":"https:\/\/cnt-so.org\/13\/wp-json\/wp\/v2\/posts\/1789","targetHints":{"allow":["GET"]}}],"collection":[{"href":"https:\/\/cnt-so.org\/13\/wp-json\/wp\/v2\/posts"}],"about":[{"href":"https:\/\/cnt-so.org\/13\/wp-json\/wp\/v2\/types\/post"}],"author":[{"embeddable":true,"href":"https:\/\/cnt-so.org\/13\/wp-json\/wp\/v2\/users\/3"}],"replies":[{"embeddable":true,"href":"https:\/\/cnt-so.org\/13\/wp-json\/wp\/v2\/comments?post=1789"}],"version-history":[{"count":0,"href":"https:\/\/cnt-so.org\/13\/wp-json\/wp\/v2\/posts\/1789\/revisions"}],"wp:featuredmedia":[{"embeddable":true,"href":"https:\/\/cnt-so.org\/13\/wp-json\/wp\/v2\/media\/1787"}],"wp:attachment":[{"href":"https:\/\/cnt-so.org\/13\/wp-json\/wp\/v2\/media?parent=1789"}],"wp:term":[{"taxonomy":"category","embeddable":true,"href":"https:\/\/cnt-so.org\/13\/wp-json\/wp\/v2\/categories?post=1789"},{"taxonomy":"post_tag","embeddable":true,"href":"https:\/\/cnt-so.org\/13\/wp-json\/wp\/v2\/tags?post=1789"}],"curies":[{"name":"wp","href":"https:\/\/api.w.org\/{rel}","templated":true}]}}