{"id":2255,"date":"2019-03-16T10:50:00","date_gmt":"2019-03-16T09:50:00","guid":{"rendered":"https:\/\/testwp.cnt-so.org\/13\/2019\/03\/16\/campagne-egaux-egales-personne-nest-illegal\/"},"modified":"2019-03-16T10:50:00","modified_gmt":"2019-03-16T09:50:00","slug":"campagne-egaux-egales-personne-nest-illegal","status":"publish","type":"post","link":"https:\/\/cnt-so.org\/13\/2019\/03\/16\/campagne-egaux-egales-personne-nest-illegal\/","title":{"rendered":"Campagne : \u00ab\u00a0Egaux, \u00e9gales, personne n\u2019est ill\u00e9gal !\u00a0\u00bb"},"content":{"rendered":"<p><strong>Nous, collectifs de sans-papiers et migrantEs, syndicats, et associations, appelons \u00e0 d\u00e9marrer une grande campagne pour r\u00e9clamer la r\u00e9gularisation de tous et toutes les sans-papiers et l\u2019\u00e9galit\u00e9 des droits par des rassemblements dans tout le pays devant les pr\u00e9fectures et le minist\u00e8re de l\u2019int\u00e9rieur en \u00cele de France le 3 avril \u00e0 18h.<\/strong><\/p>\n<p><strong>L&rsquo;appel de la campagne :<br \/>\n<\/strong><br \/>\n<a href=\"https:\/\/cnt-so.org\/\/13\/wp-content\/uploads\/sites\/2\/2019\/03\/appel_3_avril_2019-region.pdf\">appel_3_avril_2019-region.pdf<\/a><\/p>\n<p>Dans un contexte de mont\u00e9e des nationalismes, des racismes et des fascismes partout en Europe et dans le monde, alors que des dizaines de milliers de femmes, hommes et enfants sont mortEs et meurent encore sur les routes de la migration victimes des fronti\u00e8res et des politiques anti-migratoires des gouvernements des pays les plus riches de la plan\u00e8te et de leurs complices, seule la libert\u00e9 de circulation, la fermeture des centres de r\u00e9tention, la r\u00e9gularisation de toutes et tous les sans-papiers et l\u2019\u00e9galit\u00e9 des droits nous permettront d\u2019en finir avec ces mortEs.<\/p>\n<p>Nous nous rassemblerons partout en France le 3 avril pour lancer une grande campagne nationale afin d\u2019obtenir la r\u00e9gularisation de tous et toutes les sans-papiers et l\u2019\u00e9galit\u00e9 des droits. Seules la r\u00e9gularisation de toutes et tous les sans-papiers et l\u2019\u00e9galit\u00e9 des droits nous permettront de mettre fin \u00e0 la concurrence entre travailleurs et travailleuses organis\u00e9e par le grand patronat. C\u2019est la pr\u00e9carisation g\u00e9n\u00e9rale, la remise en cause des acquis sociaux par les politiques d\u2019aust\u00e9rit\u00e9 men\u00e9es par nos gouvernants qui nourrissent les sentiments de mal-\u00eatre et de repli sur soi dans la population. C\u2019est en luttant ensemble que nous pourrons nous battre efficacement pour une soci\u00e9t\u00e9 meilleure et \u00e9galitaire.<\/p>\n<p><strong>PS :<br \/>\nSignataires :<\/strong><\/p>\n<p>CESP Paris1, CISPM, CSP 17-St Just, CSP59, CSP75, CSP92, CSP93, CSP95, CSP de Livry Gargan, CSP Paris 20, Collectif Schaeffer Aubervilliers, CTSP Vitry, Droits Devant !!, Int\u00e9gration 21,<\/p>\n<p>CGT, CNT, CNT-SO, Emancipation tendance intersyndicale, FSU, SAF, Syndicat de la Magistrature, Syndicat de la M\u00e9decine G\u00e9n\u00e9rale, UEKF, UNEF, Union syndicale Solidaires,<\/p>\n<p>100 pour 1 Vienne, Accueil de merde, Accueil des r\u00e9fugi\u00e9s dans le Cap, Act For Ref, ActUp-Paris, AC !, Ah Bienvenus Clandestins !, Alternatives et Autogestion 06, AIDES, Artisans du monde 06, Asil accueil 88, Assembl\u00e9e des bless\u00e9-e-s, Association Bread and Roses, Association \u00ab Chemins Pluriels \u00bb, ACORT, ACTIT, Association coll\u00e9giale l\u2019Aubi\u00e8re (35), ADN, ADTF, AFAPREDESA, AFD International, AFJD, AID, ALIFSI, AMDH-Paris \/IDF, AMF, AIDDA, Association Jarez Solidarit\u00e9s, Association Kolone, Anaf\u00e9, Amnesty international Nimes, Association Pour la Paix en Syrie, APICED, ASEFRR, ASIAD, Association Stop Pr\u00e9carit\u00e9, ATF, ATMF, ATTAC, Association Unjourlapaix, Auber sans la peur, Autremonde, Bagag\u00e9rue, BAAM, CMCAS Pays de Savoie, Centre d\u2019Information Inter-Peuples, CRID, Cercle de silence d\u2019Hazebrouck, Cercle Louis Guilloux, CIMADE, Citoyens solidaires 06, Collectif 20eme Solidaire avec tou.te.s les migrant.e.s, Collectif Accueil Migrants Valfleury, CAPJPO-EuroPalestine, Collectif aide aux r\u00e9fugi\u00e9s d\u2019Epone et alentours, Collectif 3 C, Collectif Chabatz d\u2019Entrar, Collectif citoyen Bevera, Collectif Faty Koumba, Collectif Fontenay diversit\u00e9, Collectif inter-associatif du Livre Noir de St Denis, Collectif Justice &#038; Libert\u00e9s 67, Collectif Justice et V\u00e9rit\u00e9 pour Babacar, CIVCR 94, Collectif JUJIE, Collectif Les Voisins Solidaires de Versailles, Collectif Loire \u00ab Pour que personne ne dorme \u00e0 la rue \u00bb, Collectif migrants 44, Collectif Migrants 47, Collectif Migrants 83, Collectif Migrants Is\u00e8re, Collectif migrants bienvenue 34, Collectif Mosellan de Lutte contre la Mis\u00e8re, CNR, Collectif Outils du soin, Collectif poitevin \u00ab D\u2019ailleurs Nous Sommes d\u2019Ici \u00bb, Collectif pour l\u2019avenir des foyers, Collectif pour l\u2019\u00e9galit\u00e9 des droits-rive droite 33, Collectif r\u00e9fugi\u00e9s du Vaucluse, Collectif respect des droits des \u00e9trangers \u2013 solidarit\u00e9 migrants Pau, Collectif Romeurope du Val Maubu\u00e9e, Collectif Rosa Parks, Collectif Sarthois \u00ab Pour une Terre plus Humaine \u00bb, Collectif Solidarit\u00e9 Migrant-es Paris Centre, Collectif Sorbonne Sans Fronti\u00e8res, Collectif de soutien aux migrants de B\u00e9gard, Collectif de soutien migrants Nantes, Collectif de soutien de l\u2019EHESS aux sans-papiers et aux migrant-es, Collectif de soutien aux sans-papiers du Tr\u00e9gor, Collectif Urgence Welcome de Mulhouse, Collectif V\u00e9rit\u00e9 et Justice pour Lamine Dieng, Collectif Vigilance pour les Droits des Etrangers 12\u00e8me, Comit\u00e9 d\u2019Accueil 72, Comit\u00e9 Adama, CADTM, CCFD -Terre solidaire 93, CDKF, Comegas, Comit\u00e9 de Soutien aux Migrants du Goelo, CRLDHT, Coordination is\u00e9roise de solidarit\u00e9 avec les \u00e9trangers migrants, D\u2019ailleurs Nous Sommes d\u2019Ici 67, DTC, Des Lits Solidaires du Havre, DIEM25, DAL, DIEL, Ecole THOT, \u00c9ducation.World 86, EGM 58, EGM de Blois, Emma\u00fcs International, Emma\u00fcs France, FASTI, FCPE Nice, FEP, FETAF, FTCR, Femmes en Lutte 93, Flandre Terre Solidaire, Fondation Frantz Fanon, Football Club Phenix de Versailles, FAL, Fraternit\u00e9 Douarnenez, FUIQP, Gr\u00e8ce France R\u00e9sistance, GISTI, Habitat et Citoyennet\u00e9, ICARE 05, Identit\u00e9 plurielle, Infl\u00e9chir, IPAM-Cedetim, La Boussole 02, La cabane juridique, LCD, L\u2019Auberge des Migrants, Le Mouvement de la Paix, Le paria, LDH, Maghr\u00e9bines sans fronti\u00e8res, MAN, MDS, MDDM, MRAP, Mouvement Utopia, Organisation de Femmes Egalit\u00e9, Paris d\u2019Exil, Planning familial 06, Planning familial de Paris, R\u00e9seau AMY, R\u00e9seau Chr\u00e9tien-Immigr\u00e9s, RESF, REMCC, RESOME, R\u00e9seau Euromed France, R\u00e9seau europ\u00e9en pour une sant\u00e9 mentale d\u00e9mocratique, R\u00e9seau Foi et Justice Afrique Europe, R\u00e9seau IDD, R\u00e9seau RITIMO, RUSF Paris1, RUSF Paris 8, Romans International, Roya citoyenne, SOS Racisme de la Vienne, Survie, Syst\u00e8me B, TADAMOON, Terre des Hommes France, Tous Citoyens !, Tous Migrants, TPC Maison Solidaire, Tunisia Woman, Unaterra74, UJFP, United Migrants, UNRPA Paris, UTAC, Un Toit C\u2019est Tout, Utopia56, Vall\u00e9es solidaires 06, Vies Vol\u00e9es, Voix des Migrants, Welcome Poitiers, WISE, Yvelines Entraide, ZSP18, Instants Vid\u00e9o Num\u00e9riques et Po\u00e9tiques, Revue A, Revue Vacarme,<br \/>\nAL, CGA, Ecologie Sociale, Ensemble, EELV, FA, G\u00e9n\u00e9ration.s, Livret antiraciste de la FI, Mouvement ECOLO, NPA, PCF, PCOF, PG, PIR, R\u00e9fugi\u00e9s-Migrants FI 35, SKB, Unit\u00e9 Populaire Paris, UPC-MANIDEM<\/p>\n","protected":false},"excerpt":{"rendered":"<p>Nous, collectifs de sans-papiers et migrantEs, syndicats, et associations, appelons \u00e0 d\u00e9marrer une grande campagne pour r\u00e9clamer la r\u00e9gularisation de tous et toutes les sans-papiers et l\u2019\u00e9galit\u00e9 des droits par des rassemblements dans tout le pays devant les pr\u00e9fectures et le minist\u00e8re de l\u2019int\u00e9rieur en \u00cele de France le 3 avril \u00e0 18h. L&rsquo;appel de [&hellip;]<\/p>\n","protected":false},"author":3,"featured_media":2253,"comment_status":"closed","ping_status":"open","sticky":false,"template":"","format":"standard","meta":{"footnotes":""},"categories":[79],"tags":[],"class_list":["post-2255","post","type-post","status-publish","format-standard","has-post-thumbnail","hentry","category-solidarite"],"_links":{"self":[{"href":"https:\/\/cnt-so.org\/13\/wp-json\/wp\/v2\/posts\/2255","targetHints":{"allow":["GET"]}}],"collection":[{"href":"https:\/\/cnt-so.org\/13\/wp-json\/wp\/v2\/posts"}],"about":[{"href":"https:\/\/cnt-so.org\/13\/wp-json\/wp\/v2\/types\/post"}],"author":[{"embeddable":true,"href":"https:\/\/cnt-so.org\/13\/wp-json\/wp\/v2\/users\/3"}],"replies":[{"embeddable":true,"href":"https:\/\/cnt-so.org\/13\/wp-json\/wp\/v2\/comments?post=2255"}],"version-history":[{"count":0,"href":"https:\/\/cnt-so.org\/13\/wp-json\/wp\/v2\/posts\/2255\/revisions"}],"wp:featuredmedia":[{"embeddable":true,"href":"https:\/\/cnt-so.org\/13\/wp-json\/wp\/v2\/media\/2253"}],"wp:attachment":[{"href":"https:\/\/cnt-so.org\/13\/wp-json\/wp\/v2\/media?parent=2255"}],"wp:term":[{"taxonomy":"category","embeddable":true,"href":"https:\/\/cnt-so.org\/13\/wp-json\/wp\/v2\/categories?post=2255"},{"taxonomy":"post_tag","embeddable":true,"href":"https:\/\/cnt-so.org\/13\/wp-json\/wp\/v2\/tags?post=2255"}],"curies":[{"name":"wp","href":"https:\/\/api.w.org\/{rel}","templated":true}]}}