{"id":2553,"date":"2021-01-14T15:15:08","date_gmt":"2021-01-14T14:15:08","guid":{"rendered":"https:\/\/testwp.cnt-so.org\/13\/2021\/01\/14\/education-les-precaires-de-vie-sco-en-greve-a-partir-du-19-janvier-2021\/"},"modified":"2021-01-14T15:15:08","modified_gmt":"2021-01-14T14:15:08","slug":"education-les-precaires-de-vie-sco-en-greve-a-partir-du-19-janvier-2021","status":"publish","type":"post","link":"https:\/\/cnt-so.org\/13\/2021\/01\/14\/education-les-precaires-de-vie-sco-en-greve-a-partir-du-19-janvier-2021\/","title":{"rendered":"Education : les pr\u00e9caires de \u00ab\u00a0vie sco\u00a0\u00bb en gr\u00e8ve \u00e0 partir du 19 janvier 2021 !"},"content":{"rendered":"<p><img loading=\"lazy\" decoding=\"async\" class=\" aligncenter size-full wp-image-2550\" src=\"https:\/\/cnt-so.org\/\/13\/wp-content\/uploads\/sites\/2\/2021\/01\/site_vie_sco_19_01_-_copie.png\" alt=\"site_vie_sco_19_01_-_copie.png\" align=\"center\" width=\"937\" height=\"327\" srcset=\"https:\/\/cnt-so.org\/13\/wp-content\/uploads\/sites\/2\/2021\/01\/site_vie_sco_19_01_-_copie.png 937w, https:\/\/cnt-so.org\/13\/wp-content\/uploads\/sites\/2\/2021\/01\/site_vie_sco_19_01_-_copie-300x105.png 300w, https:\/\/cnt-so.org\/13\/wp-content\/uploads\/sites\/2\/2021\/01\/site_vie_sco_19_01_-_copie-768x268.png 768w\" sizes=\"auto, (max-width: 937px) 100vw, 937px\" \/><\/p>\n<p>\tA l\u2019initiative de collectifs locaux et avec le soutien syndical, une journ\u00e9e de gr\u00e8ve, reconductible, des personnels de vie scolaire est organis\u00e9e, mardi 19 janvier, dans toute la France. La f\u00e9d\u00e9ration CNT-SO \u00c9ducation &#038; Recherche appelle l\u2019ensemble des personnels du second degr\u00e9 \u00e0 appuyer ce mouvement en rejoignant les personnels \u00ab\u00a0vie scolaire\u00a0\u00bb dans la gr\u00e8ve et en cr\u00e9ant des caisses de gr\u00e8ve pour soutenir financi\u00e8rement les plus pr\u00e9caires.<\/p>\n<p>Sous-pay\u00e9\u00b7e\u00b7s, souvent m\u00e9pris\u00e9\u00b7e\u00b7s, les personnels pr\u00e9caires de vie scolaire (AED, AP, APS) sont pourtant indispensables au bon fonctionnement des \u00e9tablissements. Mauvaise paie, CDD, pression des chefs, etc. La situation de nos coll\u00e8gues de vie scolaire nous rappelle chaque jour que notre minist\u00e8re se comporte comme n\u2019importe quel autre employeur\u2026<\/p>\n<p>Apr\u00e8s le succ\u00e8s des mobilisations du 19 novembre dans l\u2019acad\u00e9mie d\u2019Aix-Marseille, le mouvement s\u2019est intensifi\u00e9 pour prendre une dimension nationale lors de la journ\u00e9e de gr\u00e8ve du 1er d\u00e9cembre. Depuis, la d\u00e9termination ne faiblit pas chez les AED, qui posent la question de la reconduction apr\u00e8s la gr\u00e8ve du 19 janvier, avec en ligne de mire la mobilisation de toute l&rsquo;\u00e9ducation, le 26 janvier. Partout en France, les \u00e9quipes de vie scolaire se rencontrent et s\u2019organisent pour exiger l\u2019am\u00e9lioration des conditions de travail ; d\u00e9j\u00e0 pr\u00e9caires, la crise sanitaire les a rendues alarmantes dans certains \u00e9tablissements.<\/p>\n<p>La CNT-SO invite tous les pr\u00e9caires de l\u2019Education Nationale \u00e0 rejoindre le mouvement, en particulier les AESH et les AVS, qui subissent aussi les petits salaires et l&rsquo;in\u00e9galit\u00e9 d&rsquo;acc\u00e8s aux primes (REP+&#8230;) ainsi que des conditions de travail d\u00e9grad\u00e9es. La scolarit\u00e9 des \u00e9l\u00e8ves en situation de handicap s\u2019en trouve malmen\u00e9e, rel\u00e9guant \u00e0 l\u2019\u00e9tat de fantasme \u00ab l\u2019\u00e9cole inclusive \u00bb tant vant\u00e9e par Jean-Michel Blanquer et Sophie Cluzel.<\/p>\n<p><img loading=\"lazy\" decoding=\"async\" class=\" aligncenter size-full wp-image-2551\" src=\"https:\/\/cnt-so.org\/\/13\/wp-content\/uploads\/sites\/2\/2021\/01\/revendications_vie_sco.png\" alt=\"revendications_vie_sco.png\" align=\"center\" width=\"1957\" height=\"991\" srcset=\"https:\/\/cnt-so.org\/13\/wp-content\/uploads\/sites\/2\/2021\/01\/revendications_vie_sco.png 1957w, https:\/\/cnt-so.org\/13\/wp-content\/uploads\/sites\/2\/2021\/01\/revendications_vie_sco-300x152.png 300w, https:\/\/cnt-so.org\/13\/wp-content\/uploads\/sites\/2\/2021\/01\/revendications_vie_sco-1024x519.png 1024w, https:\/\/cnt-so.org\/13\/wp-content\/uploads\/sites\/2\/2021\/01\/revendications_vie_sco-768x389.png 768w, https:\/\/cnt-so.org\/13\/wp-content\/uploads\/sites\/2\/2021\/01\/revendications_vie_sco-1536x778.png 1536w, https:\/\/cnt-so.org\/13\/wp-content\/uploads\/sites\/2\/2021\/01\/revendications_vie_sco-1200x608.png 1200w\" sizes=\"auto, (max-width: 1957px) 100vw, 1957px\" \/><\/p>\n<p>Le communiqu\u00e9 en version imprimable :<\/p>\n<p><a href=\"https:\/\/cnt-so.org\/\/13\/wp-content\/uploads\/sites\/2\/2021\/01\/cnt_so_educ_vie_sco_janvier_21.pdf\">cnt_so_educ_vie_sco_janvier_21.pdf<\/a><\/p>\n","protected":false},"excerpt":{"rendered":"<p>A l\u2019initiative de collectifs locaux et avec le soutien syndical, une journ\u00e9e de gr\u00e8ve, reconductible, des personnels de vie scolaire est organis\u00e9e, mardi 19 janvier, dans toute la France. La f\u00e9d\u00e9ration CNT-SO \u00c9ducation &#038; Recherche appelle l\u2019ensemble des personnels du second degr\u00e9 \u00e0 appuyer ce mouvement en rejoignant les personnels \u00ab\u00a0vie scolaire\u00a0\u00bb dans la gr\u00e8ve [&hellip;]<\/p>\n","protected":false},"author":3,"featured_media":2549,"comment_status":"closed","ping_status":"open","sticky":false,"template":"","format":"standard","meta":{"footnotes":""},"categories":[65],"tags":[],"class_list":["post-2553","post","type-post","status-publish","format-standard","has-post-thumbnail","hentry","category-actualites-luttes"],"_links":{"self":[{"href":"https:\/\/cnt-so.org\/13\/wp-json\/wp\/v2\/posts\/2553","targetHints":{"allow":["GET"]}}],"collection":[{"href":"https:\/\/cnt-so.org\/13\/wp-json\/wp\/v2\/posts"}],"about":[{"href":"https:\/\/cnt-so.org\/13\/wp-json\/wp\/v2\/types\/post"}],"author":[{"embeddable":true,"href":"https:\/\/cnt-so.org\/13\/wp-json\/wp\/v2\/users\/3"}],"replies":[{"embeddable":true,"href":"https:\/\/cnt-so.org\/13\/wp-json\/wp\/v2\/comments?post=2553"}],"version-history":[{"count":0,"href":"https:\/\/cnt-so.org\/13\/wp-json\/wp\/v2\/posts\/2553\/revisions"}],"wp:featuredmedia":[{"embeddable":true,"href":"https:\/\/cnt-so.org\/13\/wp-json\/wp\/v2\/media\/2549"}],"wp:attachment":[{"href":"https:\/\/cnt-so.org\/13\/wp-json\/wp\/v2\/media?parent=2553"}],"wp:term":[{"taxonomy":"category","embeddable":true,"href":"https:\/\/cnt-so.org\/13\/wp-json\/wp\/v2\/categories?post=2553"},{"taxonomy":"post_tag","embeddable":true,"href":"https:\/\/cnt-so.org\/13\/wp-json\/wp\/v2\/tags?post=2553"}],"curies":[{"name":"wp","href":"https:\/\/api.w.org\/{rel}","templated":true}]}}