{"id":2791,"date":"2021-11-17T22:20:53","date_gmt":"2021-11-17T21:20:53","guid":{"rendered":"https:\/\/cnt-so.org\/13\/?p=2791"},"modified":"2021-11-17T22:20:53","modified_gmt":"2021-11-17T21:20:53","slug":"mobilisation-nationale-du-secteur-de-lanimation-et-de-leducation-populaire-vendredi-19-novembre","status":"publish","type":"post","link":"https:\/\/cnt-so.org\/13\/2021\/11\/17\/mobilisation-nationale-du-secteur-de-lanimation-et-de-leducation-populaire-vendredi-19-novembre\/","title":{"rendered":"MOBILISATION NATIONALE DU SECTEUR DE L\u2019ANIMATION ET DE L\u2019\u00c9DUCATION POPULAIRE : VENDREDI 19 NOVEMBRE !"},"content":{"rendered":"\n<figure class=\"wp-block-image size-full is-style-default\"><img loading=\"lazy\" decoding=\"async\" width=\"759\" height=\"507\" src=\"https:\/\/cnt-so.org\/13\/wp-content\/uploads\/sites\/2\/2021\/11\/cnt_so_2021_24.png\" alt=\"\" class=\"wp-image-2792\" srcset=\"https:\/\/cnt-so.org\/13\/wp-content\/uploads\/sites\/2\/2021\/11\/cnt_so_2021_24.png 759w, https:\/\/cnt-so.org\/13\/wp-content\/uploads\/sites\/2\/2021\/11\/cnt_so_2021_24-300x200.png 300w\" sizes=\"auto, (max-width: 759px) 100vw, 759px\" \/><\/figure>\n\n\n\n<h6 class=\"wp-block-heading\"><strong>Gr\u00e8ves, collectifs, manifestations\u2026 Depuis plusieurs mois, des animateurs s\u2019organisent pour d\u00e9noncer leurs conditions de travail. Si la crise sanitaire a servi de d\u00e9tonateur, la souffrance et la pr\u00e9carit\u00e9 durent, elles, depuis de longues ann\u00e9es.<\/strong><\/h6>\n\n\n\n<h6 class=\"wp-block-heading\"><strong>Un mouvement national de gr\u00e8ve dans le secteur de l\u2019animation et de l\u2019Education populaire est organis\u00e9 pour le 19\/11, auquel la CNT-SO appelle \u00e0 participer.<\/strong><\/h6>\n\n\n\n<h4 class=\"wp-block-heading\">Mobilisons-nous pour la reconnaissance de nos m\u00e9tiers et savoir-faire !<\/h4>\n","protected":false},"excerpt":{"rendered":"<p>Gr\u00e8ves, collectifs, manifestations\u2026 Depuis plusieurs mois, des animateurs s\u2019organisent pour d\u00e9noncer leurs conditions de travail. Si la crise sanitaire a servi de d\u00e9tonateur, la souffrance et la pr\u00e9carit\u00e9 durent, elles, depuis de longues ann\u00e9es. Un mouvement national de gr\u00e8ve dans le secteur de l\u2019animation et de l\u2019Education populaire est organis\u00e9 pour le 19\/11, auquel la [&hellip;]<\/p>\n","protected":false},"author":11,"featured_media":2792,"comment_status":"closed","ping_status":"open","sticky":false,"template":"","format":"standard","meta":{"footnotes":""},"categories":[68,87],"tags":[137,125,124],"class_list":["post-2791","post","type-post","status-publish","format-standard","has-post-thumbnail","hentry","category-cnt-solidarite-ouvriere","category-actualites-syndicales","tag-animation","tag-carrousel","tag-manchette"],"_links":{"self":[{"href":"https:\/\/cnt-so.org\/13\/wp-json\/wp\/v2\/posts\/2791","targetHints":{"allow":["GET"]}}],"collection":[{"href":"https:\/\/cnt-so.org\/13\/wp-json\/wp\/v2\/posts"}],"about":[{"href":"https:\/\/cnt-so.org\/13\/wp-json\/wp\/v2\/types\/post"}],"author":[{"embeddable":true,"href":"https:\/\/cnt-so.org\/13\/wp-json\/wp\/v2\/users\/11"}],"replies":[{"embeddable":true,"href":"https:\/\/cnt-so.org\/13\/wp-json\/wp\/v2\/comments?post=2791"}],"version-history":[{"count":1,"href":"https:\/\/cnt-so.org\/13\/wp-json\/wp\/v2\/posts\/2791\/revisions"}],"predecessor-version":[{"id":2793,"href":"https:\/\/cnt-so.org\/13\/wp-json\/wp\/v2\/posts\/2791\/revisions\/2793"}],"wp:featuredmedia":[{"embeddable":true,"href":"https:\/\/cnt-so.org\/13\/wp-json\/wp\/v2\/media\/2792"}],"wp:attachment":[{"href":"https:\/\/cnt-so.org\/13\/wp-json\/wp\/v2\/media?parent=2791"}],"wp:term":[{"taxonomy":"category","embeddable":true,"href":"https:\/\/cnt-so.org\/13\/wp-json\/wp\/v2\/categories?post=2791"},{"taxonomy":"post_tag","embeddable":true,"href":"https:\/\/cnt-so.org\/13\/wp-json\/wp\/v2\/tags?post=2791"}],"curies":[{"name":"wp","href":"https:\/\/api.w.org\/{rel}","templated":true}]}}