{"id":3001,"date":"2022-06-25T12:40:36","date_gmt":"2022-06-25T10:40:36","guid":{"rendered":"https:\/\/cnt-so.org\/13\/?p=3001"},"modified":"2022-06-25T12:40:36","modified_gmt":"2022-06-25T10:40:36","slug":"education-decret-du-21-juin-2022-une-attaque-de-plus-contre-les-plp","status":"publish","type":"post","link":"https:\/\/cnt-so.org\/13\/2022\/06\/25\/education-decret-du-21-juin-2022-une-attaque-de-plus-contre-les-plp\/","title":{"rendered":"Education &#8211; D\u00e9cret du 21 juin 2022 : une attaque de plus contre les PLP !"},"content":{"rendered":"\n<p>Paru au Journal Officiel, le <strong>d\u00e9cret n\u00b02022-909 du 20 juin 2022<\/strong> donne la possibilit\u00e9 aux PLP \u00ab\u00a0d\u2019exercer leurs fonctions en lyc\u00e9e d\u2019enseignement g\u00e9n\u00e9ral et technologique et en coll\u00e8ge\u00a0\u00bb. <strong>Il s\u2019agit l\u00e0 d\u2019une attaque en r\u00e8gle contre notre statut.<\/strong> Alors que la profession connait des probl\u00e8mes de recrutement sans pr\u00e9c\u00e9dent, le tapis rouge est d\u00e9ploy\u00e9 pour l\u2019autoritarisme manag\u00e9rial (compl\u00e9ments de service en coll\u00e8ge et lyc\u00e9e g\u00e9n\u00e9ral et technique) m\u00eame si le d\u00e9cret pr\u00e9cise qu\u2019il faudra \u00ab\u00a0l\u2019accord\u00a0\u00bb des coll\u00e8gues.<\/p>\n\n\n\n<p>La suite du communiqu\u00e9 :<\/p>\n\n\n\n<div class=\"wp-block-file\"><a href=\"https:\/\/cnt-so.org\/13\/wp-content\/uploads\/sites\/2\/2022\/06\/cnt_so_education_plp_24_06_22.pdf\">CNT-SO PLP communiqu\u00e9 du 24 juin 2022<\/a><a href=\"https:\/\/cnt-so.org\/13\/wp-content\/uploads\/sites\/2\/2022\/06\/cnt_so_education_plp_24_06_22.pdf\" class=\"wp-block-file__button\" download>T\u00e9l\u00e9charger<\/a><\/div>\n","protected":false},"excerpt":{"rendered":"<p>Paru au Journal Officiel, le d\u00e9cret n\u00b02022-909 du 20 juin 2022 donne la possibilit\u00e9 aux PLP \u00ab\u00a0d\u2019exercer leurs fonctions en lyc\u00e9e d\u2019enseignement g\u00e9n\u00e9ral et technologique et en coll\u00e8ge\u00a0\u00bb. Il s\u2019agit l\u00e0 d\u2019une attaque en r\u00e8gle contre notre statut. Alors que la profession connait des probl\u00e8mes de recrutement sans pr\u00e9c\u00e9dent, le tapis rouge est d\u00e9ploy\u00e9 pour [&hellip;]<\/p>\n","protected":false},"author":11,"featured_media":2843,"comment_status":"closed","ping_status":"open","sticky":false,"template":"","format":"standard","meta":{"footnotes":""},"categories":[65,64],"tags":[125,130,124],"class_list":["post-3001","post","type-post","status-publish","format-standard","has-post-thumbnail","hentry","category-actualites-luttes","category-education-recherche","tag-carrousel","tag-education","tag-manchette"],"_links":{"self":[{"href":"https:\/\/cnt-so.org\/13\/wp-json\/wp\/v2\/posts\/3001","targetHints":{"allow":["GET"]}}],"collection":[{"href":"https:\/\/cnt-so.org\/13\/wp-json\/wp\/v2\/posts"}],"about":[{"href":"https:\/\/cnt-so.org\/13\/wp-json\/wp\/v2\/types\/post"}],"author":[{"embeddable":true,"href":"https:\/\/cnt-so.org\/13\/wp-json\/wp\/v2\/users\/11"}],"replies":[{"embeddable":true,"href":"https:\/\/cnt-so.org\/13\/wp-json\/wp\/v2\/comments?post=3001"}],"version-history":[{"count":1,"href":"https:\/\/cnt-so.org\/13\/wp-json\/wp\/v2\/posts\/3001\/revisions"}],"predecessor-version":[{"id":3003,"href":"https:\/\/cnt-so.org\/13\/wp-json\/wp\/v2\/posts\/3001\/revisions\/3003"}],"wp:featuredmedia":[{"embeddable":true,"href":"https:\/\/cnt-so.org\/13\/wp-json\/wp\/v2\/media\/2843"}],"wp:attachment":[{"href":"https:\/\/cnt-so.org\/13\/wp-json\/wp\/v2\/media?parent=3001"}],"wp:term":[{"taxonomy":"category","embeddable":true,"href":"https:\/\/cnt-so.org\/13\/wp-json\/wp\/v2\/categories?post=3001"},{"taxonomy":"post_tag","embeddable":true,"href":"https:\/\/cnt-so.org\/13\/wp-json\/wp\/v2\/tags?post=3001"}],"curies":[{"name":"wp","href":"https:\/\/api.w.org\/{rel}","templated":true}]}}