{"id":3235,"date":"2023-03-25T14:56:49","date_gmt":"2023-03-25T13:56:49","guid":{"rendered":"https:\/\/cnt-so.org\/13\/?p=3235"},"modified":"2023-03-25T14:56:49","modified_gmt":"2023-03-25T13:56:49","slug":"retraites-conditions-de-travail-salaires-28-mars-la-sous-traitance-hoteliere-marseillaise-dans-la-greve","status":"publish","type":"post","link":"https:\/\/cnt-so.org\/13\/2023\/03\/25\/retraites-conditions-de-travail-salaires-28-mars-la-sous-traitance-hoteliere-marseillaise-dans-la-greve\/","title":{"rendered":"Retraites, conditions de travail, salaires&#8230; 28 mars : la sous-traitance h\u00f4teli\u00e8re marseillaise dans la gr\u00e8ve !"},"content":{"rendered":"\n<p>Comme beaucoup de travailleurs et travailleuses, nous sommes mobilis\u00e9-es depuis le 19 janvier contre la retraite \u00e0 64 ans. Contre Macron, l\u2019autoritaire\u00a0: on ne l\u00e2che pas l\u2019affaire\u00a0!<\/p>\n\n\n\n<figure class=\"wp-block-image size-large\"><img loading=\"lazy\" decoding=\"async\" width=\"1024\" height=\"724\" src=\"https:\/\/cnt-so.org\/13\/wp-content\/uploads\/sites\/2\/2023\/03\/cnt_so_greve_inter_hotels_marseille-1024x724.png\" alt=\"\" class=\"wp-image-3236\" srcset=\"https:\/\/cnt-so.org\/13\/wp-content\/uploads\/sites\/2\/2023\/03\/cnt_so_greve_inter_hotels_marseille-1024x724.png 1024w, https:\/\/cnt-so.org\/13\/wp-content\/uploads\/sites\/2\/2023\/03\/cnt_so_greve_inter_hotels_marseille-300x212.png 300w, https:\/\/cnt-so.org\/13\/wp-content\/uploads\/sites\/2\/2023\/03\/cnt_so_greve_inter_hotels_marseille-768x543.png 768w, https:\/\/cnt-so.org\/13\/wp-content\/uploads\/sites\/2\/2023\/03\/cnt_so_greve_inter_hotels_marseille.png 1123w\" sizes=\"auto, (max-width: 1024px) 100vw, 1024px\" \/><\/figure>\n\n\n\n<p><strong>Les m\u00e9tiers du nettoyage et de la sous-traitance h\u00f4teli\u00e8re seront durement touch\u00e9s par cette r\u00e9forme qui va nous forcer \u00e0 travailler plus vieux-vieilles&nbsp;:<\/strong><\/p>\n\n\n\n<p>&#8211; P\u00e9nibilit\u00e9 pas reconnue.<\/p>\n\n\n\n<p>&#8211; Maladies professionnelles (TMS, dos cass\u00e9s, articulations ab\u00eem\u00e9es\u2026)<\/p>\n\n\n\n<p>&#8211; Carri\u00e8res hach\u00e9es, temps partiels, bas salaires = petites pensions ou d\u00e9part \u00e0 67 ans pour ne pas subir la d\u00e9cote<\/p>\n\n\n\n<p><strong>On ne veux pas se crever la sant\u00e9 au travail&nbsp;! On revendique&nbsp;:<\/strong><\/p>\n\n\n\n<p>&#8211; Am\u00e9lioration de nos conditions de travail<\/p>\n\n\n\n<p>&#8211; Retraite \u00e0 60 ans pour tous et toutes et 55 ans pour les m\u00e9tiers p\u00e9nibles&nbsp;!<\/p>\n\n\n\n<p>A Marseille l\u2019industrie touristique est en plein boom et engrange les profits. Mais <strong>pour nous, les travailleurs-euses qui la <\/strong><strong>faisons<\/strong><strong> tourner&nbsp;: c\u2019est toujours les bas salaires <\/strong><strong>et les petits contrats pr\u00e9caires<\/strong>! Dans certains h\u00f4tels, les patrons imposent des pratiques ill\u00e9gales comme le \u00ab&nbsp;paiement \u00e0 la chambre&nbsp;\u00bb. <strong>\u00c7a suffit, <\/strong><strong>on revendique&nbsp;:<\/strong><\/p>\n\n\n\n<p>&#8211; Respect du droit du travail<\/p>\n\n\n\n<p>&#8211; Fin de la sous-traitance\/mal-traitance<\/p>\n\n\n\n<p>&#8211; Hausse g\u00e9n\u00e9rale des salaires et r\u00e9mun\u00e9rations, 13eme mois pour tous-tes<\/p>\n\n\n\n<p>Dans la sous-traitance h\u00f4teli\u00e8re comme ailleurs, on veux le <strong>partage \u00e9galitaire des richesses et du travail<\/strong>&nbsp;!<\/p>\n\n\n\n<p>Rassemblement inter-h\u00f4tels \u2013 9h devant le Radisson<\/p>\n\n\n\n<p>10H30, manif Vieux-Port<\/p>\n\n\n\n<div class=\"wp-block-file\"><a href=\"https:\/\/cnt-so.org\/13\/wp-content\/uploads\/sites\/2\/2023\/03\/cnt_so_greve_inter_hotels_28_03_23.pdf\">Le tract au format PDF<\/a><a href=\"https:\/\/cnt-so.org\/13\/wp-content\/uploads\/sites\/2\/2023\/03\/cnt_so_greve_inter_hotels_28_03_23.pdf\" class=\"wp-block-file__button\" download>T\u00e9l\u00e9charger<\/a><\/div>\n\n\n\n<p><\/p>\n","protected":false},"excerpt":{"rendered":"<p>Comme beaucoup de travailleurs et travailleuses, nous sommes mobilis\u00e9-es depuis le 19 janvier contre la retraite \u00e0 64 ans. Contre Macron, l\u2019autoritaire\u00a0: on ne l\u00e2che pas l\u2019affaire\u00a0! Les m\u00e9tiers du nettoyage et de la sous-traitance h\u00f4teli\u00e8re seront durement touch\u00e9s par cette r\u00e9forme qui va nous forcer \u00e0 travailler plus vieux-vieilles&nbsp;: &#8211; P\u00e9nibilit\u00e9 pas reconnue. &#8211; [&hellip;]<\/p>\n","protected":false},"author":11,"featured_media":3237,"comment_status":"closed","ping_status":"open","sticky":false,"template":"","format":"standard","meta":{"footnotes":""},"categories":[75,73],"tags":[125,130,124,129,173],"class_list":["post-3235","post","type-post","status-publish","format-standard","has-post-thumbnail","hentry","category-actualites-luttes-nettoyage","category-nettoyage","tag-carrousel","tag-education","tag-manchette","tag-nettoyage","tag-retraites"],"_links":{"self":[{"href":"https:\/\/cnt-so.org\/13\/wp-json\/wp\/v2\/posts\/3235","targetHints":{"allow":["GET"]}}],"collection":[{"href":"https:\/\/cnt-so.org\/13\/wp-json\/wp\/v2\/posts"}],"about":[{"href":"https:\/\/cnt-so.org\/13\/wp-json\/wp\/v2\/types\/post"}],"author":[{"embeddable":true,"href":"https:\/\/cnt-so.org\/13\/wp-json\/wp\/v2\/users\/11"}],"replies":[{"embeddable":true,"href":"https:\/\/cnt-so.org\/13\/wp-json\/wp\/v2\/comments?post=3235"}],"version-history":[{"count":1,"href":"https:\/\/cnt-so.org\/13\/wp-json\/wp\/v2\/posts\/3235\/revisions"}],"predecessor-version":[{"id":3239,"href":"https:\/\/cnt-so.org\/13\/wp-json\/wp\/v2\/posts\/3235\/revisions\/3239"}],"wp:featuredmedia":[{"embeddable":true,"href":"https:\/\/cnt-so.org\/13\/wp-json\/wp\/v2\/media\/3237"}],"wp:attachment":[{"href":"https:\/\/cnt-so.org\/13\/wp-json\/wp\/v2\/media?parent=3235"}],"wp:term":[{"taxonomy":"category","embeddable":true,"href":"https:\/\/cnt-so.org\/13\/wp-json\/wp\/v2\/categories?post=3235"},{"taxonomy":"post_tag","embeddable":true,"href":"https:\/\/cnt-so.org\/13\/wp-json\/wp\/v2\/tags?post=3235"}],"curies":[{"name":"wp","href":"https:\/\/api.w.org\/{rel}","templated":true}]}}