{"id":3279,"date":"2023-05-23T16:59:45","date_gmt":"2023-05-23T14:59:45","guid":{"rendered":"https:\/\/cnt-so.org\/13\/?p=3279"},"modified":"2023-05-23T16:59:45","modified_gmt":"2023-05-23T14:59:45","slug":"education-voie-pro-signer-le-pacte-cest-participer-a-la-casse-des-lycees-pro","status":"publish","type":"post","link":"https:\/\/cnt-so.org\/13\/2023\/05\/23\/education-voie-pro-signer-le-pacte-cest-participer-a-la-casse-des-lycees-pro\/","title":{"rendered":"\u00c9ducation \/ Voie pro : SIGNER LE PACTE, C\u2019EST PARTICIPER A LA CASSE DES LYC\u00c9ES PRO\u00a0!"},"content":{"rendered":"\n<p>Alors que la version 1<sup>er<\/sup> et 2<sup>nd<\/sup> degr\u00e9 (hors lyc\u00e9e pro) se d\u00e9cline ainsi\u00a0: une, deux ou trois \u00ab\u00a0brique(s)\u00a0\u00bb \u00e0 1250 \u20ac chacune, vers\u00e9s sur 9 mois, le pacte version Lyc\u00e9e pro <strong>c\u2019est 6\u00a0\u00ab\u00a0briques\u00a0\u00bb ou rien<\/strong>\u2026 7500 euros brut pour <strong>une charge de travail colossale<\/strong>. Mais l\u00e0 n\u2019est pas le seul probl\u00e8me. <strong>Il faut bien comprendre que le pacte LP est un moyen pour la r\u00e9forme de la voie pro de se r\u00e9aliser.<\/strong> Nous le rappelons (voir notre communiqu\u00e9 sp\u00e9cial r\u00e9forme voie pro), la r\u00e9forme de la voie pro, si nous ne stoppons pas Macron et sa clique, <strong>c\u2019est la d\u00e9gradation des enseignements, des \u00e9l\u00e8ves consid\u00e9r\u00e9\u00b7es comme de la chair \u00e0 patron, la soumission des LP aux entreprises et un v\u00e9ritable plan social pour les personnels avec les fermetures des fili\u00e8res<\/strong>\u00a0! Les chef\u00b7fes d\u2019\u00e9tablissement, qui voient \u00e0 nouveau leurs pouvoirs et leur autonomie se renforcer, recevront une indemnit\u00e9 de 1000 \u20ac et proposeront la signature du pacte aux <strong>volontaires, titulaires ou non<\/strong>.<\/p>\n\n\n\n<div class=\"wp-block-file\"><a href=\"https:\/\/cnt-so.org\/13\/wp-content\/uploads\/sites\/2\/2023\/05\/cnt_so_educ_pacte_lp_mai_2023.pdf\">CNT-SO Pacte LP mai 2023<\/a><a href=\"https:\/\/cnt-so.org\/13\/wp-content\/uploads\/sites\/2\/2023\/05\/cnt_so_educ_pacte_lp_mai_2023.pdf\" class=\"wp-block-file__button\" download>T\u00e9l\u00e9charger<\/a><\/div>\n\n\n\n<p><strong>Les missions suppl\u00e9mentaires\u00a0du pacte LP\u00a0: les liens avec les r\u00e9formes des coll\u00e8ges et des LP<\/strong><\/p>\n\n\n\n<p>Permettre aux lyc\u00e9ens d\u2019avoir des options : mesure 3<\/p>\n\n\n\n<p>Accompagner les difficult\u00e9s scolaires : mesure 2<\/p>\n\n\n\n<p>Pr\u00e9venir et lutter contre le d\u00e9crochage : mesure 5<\/p>\n\n\n\n<p>Travailler en partenariat avec les acteurs locaux de l\u2019emploi : mesure 6<\/p>\n\n\n\n<p>Accompagner la suite du parcours : mesures 6 et 8<\/p>\n\n\n\n<p>Assurer les remplacements de courte dur\u00e9e<\/p>\n\n\n\n<p>Faire vivre le lien \u00e9cole-entreprise : mesure 6<\/p>\n\n\n\n<p>Participer aux projets d\u2019\u00e9tablissements<\/p>\n\n\n\n<p>Accompagner les coll\u00e9giens dans leur d\u00e9couverte des m\u00e9tiers et de la voie professionnelle : d\u00e9couverte des m\u00e9tiers en 5<sup>e<\/sup>, 4<sup>e<\/sup> et 3<sup>e<\/sup><\/p>\n\n\n\n<p><\/p>\n\n\n\n<p><strong>Quelques effets n\u00e9fastes de ces missions suppl\u00e9mentaires<\/strong><\/p>\n\n\n\n<p>La charge de travail induite par ces missions sera colossale. <strong>Le pacte c\u2019est la casse de nos conditions de travail, d\u00e9j\u00e0 largement d\u00e9grad\u00e9es&nbsp;!<\/strong><\/p>\n\n\n\n<p>Seuls les \u00ab&nbsp;savoirs fondamentaux&nbsp;\u00bb, fran\u00e7ais et maths (quelle vision r\u00e9ductrice des besoins des \u00e9l\u00e8ves&nbsp;!) pourraient b\u00e9n\u00e9ficier de d\u00e9doublements. Les coll\u00e8gues qui signeront le pacte et qui s\u2019occuperont de ces cours d\u00e9doubl\u00e9s seront-ils-elles forc\u00e9ment profs de Lettres et de Maths&nbsp;? Ces heures seront financ\u00e9es sur la DGH globale, donc au d\u00e9triment des heures des coll\u00e8gues qui ne signeront pas le pacte. <strong>Le pacte c\u2019est la casse des enseignements&nbsp;!<\/strong><\/p>\n\n\n\n<p>Une hi\u00e9rarchie pernicieuse ne pourra que s\u2019installer entre les coll\u00e8gues signataires et les autres. <strong>Le pacte c\u2019est la casse de la solidarit\u00e9 entre les coll\u00e8gues&nbsp;!<\/strong><\/p>\n\n\n\n<p>Ces missions sont annualis\u00e9es. <strong>Le pacte c\u2019est la casse du m\u00e9tier et du statut&nbsp;!<\/strong><\/p>\n\n\n\n<ul class=\"wp-block-list\"><li>Ces missions suppl\u00e9mentaires sont bien n\u00e9cessaires \u00e0 la mise en place de la r\u00e9forme de la voie pro&nbsp;! Refusons-les&nbsp;!<\/li><\/ul>\n\n\n\n<figure class=\"wp-block-table\"><table><tbody><tr><td><strong>Organisons la riposte\u00a0! Mobilisons-nous pour obtenir l\u2019abrogation des contre-r\u00e9formes scolaires de l\u2019\u00e8re Macron et celle de Parcoursup, pour obtenir des moyens mat\u00e9riels et humains, pour la hausse des salaires de l\u2019ensemble des personnels, une hausse non conditionn\u00e9e \u00e0 des t\u00e2ches suppl\u00e9mentaires\u00a0!<\/strong><\/td><\/tr><\/tbody><\/table><\/figure>\n\n\n\n<p>Notre analyse de la r\u00e9forme de la voie pro est \u00e0 lire <a href=\"https:\/\/cnt-so.org\/13\/2023\/05\/09\/macron-revient-a-la-charge-contre-la-voie-pro-mobilisons-nous-rdv-jeudi-11-05-a-marseille\/\">ici<\/a>.<\/p>\n","protected":false},"excerpt":{"rendered":"<p>Alors que la version 1er et 2nd degr\u00e9 (hors lyc\u00e9e pro) se d\u00e9cline ainsi\u00a0: une, deux ou trois \u00ab\u00a0brique(s)\u00a0\u00bb \u00e0 1250 \u20ac chacune, vers\u00e9s sur 9 mois, le pacte version Lyc\u00e9e pro c\u2019est 6\u00a0\u00ab\u00a0briques\u00a0\u00bb ou rien\u2026 7500 euros brut pour une charge de travail colossale. Mais l\u00e0 n\u2019est pas le seul probl\u00e8me. Il faut bien [&hellip;]<\/p>\n","protected":false},"author":11,"featured_media":3281,"comment_status":"closed","ping_status":"open","sticky":false,"template":"","format":"standard","meta":{"footnotes":""},"categories":[65,64],"tags":[125,133,193],"class_list":["post-3279","post","type-post","status-publish","format-standard","has-post-thumbnail","hentry","category-actualites-luttes","category-education-recherche","tag-carrousel","tag-education-2","tag-voie-pro"],"_links":{"self":[{"href":"https:\/\/cnt-so.org\/13\/wp-json\/wp\/v2\/posts\/3279","targetHints":{"allow":["GET"]}}],"collection":[{"href":"https:\/\/cnt-so.org\/13\/wp-json\/wp\/v2\/posts"}],"about":[{"href":"https:\/\/cnt-so.org\/13\/wp-json\/wp\/v2\/types\/post"}],"author":[{"embeddable":true,"href":"https:\/\/cnt-so.org\/13\/wp-json\/wp\/v2\/users\/11"}],"replies":[{"embeddable":true,"href":"https:\/\/cnt-so.org\/13\/wp-json\/wp\/v2\/comments?post=3279"}],"version-history":[{"count":1,"href":"https:\/\/cnt-so.org\/13\/wp-json\/wp\/v2\/posts\/3279\/revisions"}],"predecessor-version":[{"id":3282,"href":"https:\/\/cnt-so.org\/13\/wp-json\/wp\/v2\/posts\/3279\/revisions\/3282"}],"wp:featuredmedia":[{"embeddable":true,"href":"https:\/\/cnt-so.org\/13\/wp-json\/wp\/v2\/media\/3281"}],"wp:attachment":[{"href":"https:\/\/cnt-so.org\/13\/wp-json\/wp\/v2\/media?parent=3279"}],"wp:term":[{"taxonomy":"category","embeddable":true,"href":"https:\/\/cnt-so.org\/13\/wp-json\/wp\/v2\/categories?post=3279"},{"taxonomy":"post_tag","embeddable":true,"href":"https:\/\/cnt-so.org\/13\/wp-json\/wp\/v2\/tags?post=3279"}],"curies":[{"name":"wp","href":"https:\/\/api.w.org\/{rel}","templated":true}]}}