{"id":3325,"date":"2023-06-23T12:47:53","date_gmt":"2023-06-23T10:47:53","guid":{"rendered":"https:\/\/cnt-so.org\/13\/?p=3325"},"modified":"2023-07-21T13:08:17","modified_gmt":"2023-07-21T11:08:17","slug":"saisonniers-et-saisonnieres-cet-ete-le-bon-reflexe-cest-le-syndicat-2","status":"publish","type":"post","link":"https:\/\/cnt-so.org\/13\/2023\/06\/23\/saisonniers-et-saisonnieres-cet-ete-le-bon-reflexe-cest-le-syndicat-2\/","title":{"rendered":"Saisonniers et saisonni\u00e8res, cet \u00e9t\u00e9 le bon r\u00e9flexe c\u2019est le syndicat ! Guide d&rsquo;auto-d\u00e9fense syndicale \u00e0 consulter"},"content":{"rendered":"\n<p>H\u00f4tellerie-restauration, tourisme, animation, distribution, agriculture\u2026 Comme chaque \u00e9t\u00e9, de nombreux secteurs ont recours \u00e0 des emplois saisonniers. Les patrons abusent volontiers d\u2019une main d\u2019oeuvre pr\u00e9caire, souvent jeune ou \u00e9trang\u00e8re. En cas de litige ou probl\u00e8me&nbsp; (heure impay\u00e9es, probl\u00e8mes de contrats\u2026) vous n\u2019\u00eates pas seul-es face aux exploiteurs : <a href=\"https:\/\/cnt-so.org\/contact\/\">contactez le syndicat pour d\u00e9fendre vos droits<\/a> ! <\/p>\n\n\n\n<p><strong>Voici le guide d&rsquo;auto-d\u00e9fense syndicale de la CNT-SO :<\/strong><\/p>\n\n\n\n<p><strong><strong><u>Le contrat saisonnier&nbsp;: c\u2019est quoi&nbsp;?<\/u><\/strong><\/strong><\/p>\n\n\n\n<p>L\u2019appellation commune \u00ab&nbsp;contrat saisonnier&nbsp;\u00bb renvoie \u00e0 des <strong>contrats \u00e0 dur\u00e9e d\u00e9termin\u00e9e<\/strong> (CDD) ou <strong>contrats de mission<\/strong> (int\u00e9rim) dont les conditions sont adapt\u00e9es \u00e0 la saisonnalit\u00e9 de certaines activit\u00e9s, par exemple pour r\u00e9pondre \u00e0 l\u2019accroissement d\u2019activit\u00e9 d\u00fb aux saisons touristiques (sport d\u2019hiver, stations baln\u00e9aires\u2026) ou encore aux travaux agricoles.<\/p>\n\n\n\n<p>Le Code du travail d\u00e9finit les emplois \u00e0 caract\u00e8re saisonnier ceux \u00ab&nbsp;<strong><em>dont les t\u00e2ches sont appel\u00e9es \u00e0 se r\u00e9p\u00e9ter chaque ann\u00e9e selon une p\u00e9riodicit\u00e9 \u00e0 peu pr\u00e8s fixe<\/em><\/strong><em>, en fonction du rythme des saisons ou des modes de vie collectifs ou emplois pour lesquels, dans certains secteurs d&rsquo;activit\u00e9 d\u00e9finis par d\u00e9cret ou par convention ou accord collectif de travail \u00e9tendu, il est d&rsquo;usage constant de ne pas recourir au contrat de travail \u00e0 dur\u00e9e ind\u00e9termin\u00e9e en raison de la nature de l&rsquo;activit\u00e9 exerc\u00e9e et du caract\u00e8re par nature temporaire de ces emplois<\/em>&nbsp;\u00bb (articles L1242-2 \u2013 3\u00b0 pour les CDD&nbsp;et L<a><\/a>1251-6 \u2013 3\u00b0 pour les contrats de mission).<\/p>\n\n\n\n<p><strong><u>Dans quels secteurs ?<\/u><\/strong><strong><\/strong><\/p>\n\n\n\n<p>L\u2019article <a><\/a>D1242-1 du Code du travail d\u00e9termine<strong> les secteurs dans lesquels le recours au \u00ab&nbsp;contrat saisonnier&nbsp;\u00bb est autoris\u00e9<\/strong>&nbsp;:<\/p>\n\n\n\n<p>\u00ab&nbsp;<em>1\u00b0 Les exploitations foresti\u00e8res ; 2\u00b0 La r\u00e9paration navale ; 3\u00b0 Le d\u00e9m\u00e9nagement ; 4\u00b0 L&rsquo;h\u00f4tellerie et la restauration, les centres de loisirs et de vacances ; 5\u00b0 Le sport professionnel ; 6\u00b0 Les spectacles, l&rsquo;action culturelle, l&rsquo;audiovisuel, la production cin\u00e9matographique, l&rsquo;\u00e9dition phonographique ; 7\u00b0 L&rsquo;enseignement ; 8\u00b0 L&rsquo;information, les activit\u00e9s d&rsquo;enqu\u00eate et de sondage ; 9\u00b0 L&rsquo;entreposage et le stockage de la viande ; 10\u00b0 Le b\u00e2timent et les travaux publics pour les chantiers \u00e0 l&rsquo;\u00e9tranger ; 11\u00b0 Les activit\u00e9s de coop\u00e9ration, d&rsquo;assistance technique, d&rsquo;ing\u00e9nierie et de recherche \u00e0 l&rsquo;\u00e9tranger ; 12\u00b0 Les activit\u00e9s d&rsquo;insertion par l&rsquo;activit\u00e9 \u00e9conomique&nbsp;; 13\u00b0 Le recrutement de travailleurs pour les mettre, \u00e0 titre on\u00e9reux, \u00e0 la disposition de personnes physiques, dans le cadre du 2\u00b0 de l&rsquo;article L. 7232-6* ; 14\u00b0 La recherche scientifique r\u00e9alis\u00e9e dans le cadre d&rsquo;une convention internationale, d&rsquo;un arrangement administratif international pris en application d&rsquo;une telle convention, ou par des chercheurs \u00e9trangers r\u00e9sidant temporairement en France ; 15\u00b0 Les activit\u00e9s foraines<\/em>&nbsp;\u00bb.<\/p>\n\n\n\n<p>* Service \u00e0 la personne<\/p>\n\n\n\n<p>Attention\u00a0: ces secteurs ne sont pas autoris\u00e9s \u00e0 utiliser le CDD saisonnier de mani\u00e8re syst\u00e9matique. Encore faut-il que l\u2019emploi r\u00e9ponde aux crit\u00e8res de saisonnalit\u00e9 expliqu\u00e9s plus haut.<\/p>\n\n\n\n<p>Le Code rural et de la P\u00eache maritime autorise \u00e9galement l\u2019emploi de \u00ab&nbsp;<em>travailleurs occasionnels dont le contrat de travail rel\u00e8ve du 3\u00b0 de l&rsquo;article L. 1242-2 (\u2026) pour des t\u00e2ches temporaires li\u00e9es au cycle de la production animale et v\u00e9g\u00e9tale&nbsp;<\/em>\u00bb&nbsp; (article L741-16).<\/p>\n\n\n\n<p>NB. Il existe \u00e9galement un contrat \u00ab&nbsp;saisonnier&nbsp;\u00bb sp\u00e9cifique aux vendanges, d\u2019une dur\u00e9e limit\u00e9e \u00e0 un mois, ouvert y compris \u00e0 des salari\u00e9.es d\u00e9j\u00e0 en contrat avec un autre employeur, pendant leurs cong\u00e9s pay\u00e9s (article <a><\/a>L718-4 et s. du Code rural et de la P\u00eache maritime).<\/p>\n\n\n\n<p><strong><u>Quelles r\u00e8gles applicables au \u00ab&nbsp;contrat saisonnier&nbsp;\u00bb&nbsp;? <\/u><\/strong><strong><\/strong><\/p>\n\n\n\n<p>Les droits des salari\u00e9\u00b7es saisonnier\u00b7\u00e8res sont les m\u00eames que ceux des salari\u00e9\u00b7es permanent\u00b7es&nbsp;: les r\u00e8gles applicables au contrat saisonnier sont, selon les cas, soit <strong>celles du CDD<\/strong>, soit celles du <strong>contrat de mission temporaire<\/strong>.<\/p>\n\n\n\n<p>Par exemple, un contrat \u00e0 dur\u00e9e d\u00e9termin\u00e9e s\u2019ach\u00e8ve automatiquement \u00e0 la fin pr\u00e9vue du contrat de travail. <strong>Il ne peut pas \u00eatre rompu de mani\u00e8re anticip\u00e9e<\/strong> sauf :<\/p>\n\n\n\n<p>&#8211; pendant la p\u00e9riode d\u2019essai&nbsp;;<\/p>\n\n\n\n<p>&#8211; en cas d\u2019accord entre le\u00b7la salari\u00e9\u00b7 et l\u2019employeur&nbsp;;<\/p>\n\n\n\n<p>&#8211; \u00e0 la demande du\u00b7de la salari\u00e9\u00b7e, s\u2019il\u00b7elle justifie d\u2019une embauche en CDI&nbsp;;<\/p>\n\n\n\n<p>&#8211; \u00e0 l\u2019initiative de l\u2019employeur, en cas de faute grave ou de force majeure&nbsp;;<\/p>\n\n\n\n<p>&#8211; en cas d\u2019inaptitude constat\u00e9e par le m\u00e9decin du travail.<\/p>\n\n\n\n<p>En dehors de ces cas de figure, la rupture anticip\u00e9e du CDD entra\u00eene, pour l\u2019employeur, le versement d\u2019une indemnit\u00e9 \u00e9quivalente aux salaires qu\u2019il aurait per\u00e7u jusqu\u2019\u00e0 la fin du contrat. Si la rupture anticip\u00e9e est initi\u00e9e par le\u00b7la salari\u00e9\u00b7e, elle peut \u00e9galement donner lieu au versement de dommages et int\u00e9r\u00eats pour compenser le pr\u00e9judice subi.<\/p>\n\n\n\n<p>Articles 1243-1 et s. du Code du travail<\/p>\n\n\n\n<p>Les entreprises de travail temporaire, en dehors de la faute grave, force majeure ou de l\u2019inaptitude du salari\u00e9, peuvent rompre un contrat de mission de mani\u00e8re anticip\u00e9e que si elles lui proposent un nouveau contrat de mission dans un d\u00e9lai de trois jours ouvrables maximum.<\/p>\n\n\n\n<p>Articles 1251-26 et s. du Code du travail&nbsp;<\/p>\n\n\n\n<p>En fonction du secteur d\u2019activit\u00e9,<strong> l\u2019employeur doit \u00e9galement respecter les dispositions conventionnelles<\/strong> notamment en mati\u00e8re de grille de qualification, salaire horaire minimum, temps de travail, majorations, etc.&nbsp;<\/p>\n\n\n\n<p>Par exemple, la <em>Convention collective des H\u00f4tels \u2013 caf\u00e9s &#8211; restaurants <\/em>(IDCC 1979) autorise les contrats ayant pour base horaire de 39 heures hebdomadaires. Ainsi, les salari\u00e9.es saisonniers dans ce secteur pourront, selon les cas, se voir proposer des contrats aux 35 heures l\u00e9gales ou aux 39 heures conventionnelles.&nbsp;<\/p>\n\n\n\n<p>Attention&nbsp;!<\/p>\n\n\n\n<p>Lorsque dans une entreprise tous les salari\u00e9\u00b7es ne travaillent pas selon le m\u00eame horaire collectif \u2013 ce qui est souvent le cas dans les emplois saisonniers \u2013 l\u2019employeur a l\u2019obligation l\u00e9gale de r\u00e9aliser des pointages. Le d\u00e9compte des heures de travail s\u2019effectue de mani\u00e8re quotidienne et hebdomadaire et le salari\u00e9 doit pouvoir contr\u00f4ler ce d\u00e9compte.<\/p>\n\n\n\n<p>\uf047 Si votre employeur ne r\u00e9alise pas de pointages, <strong>il est fortement conseill\u00e9 de faire vos propres relev\u00e9s horaires <\/strong>pour pouvoir \u00e9valuer le nombre d\u2019heures suppl\u00e9mentaires r\u00e9alis\u00e9es et, le cas \u00e9ch\u00e9ant, pouvoir les demander devant le Conseil des Prud\u2019hommes.<\/p>\n\n\n\n<p>Cependant, il existe quelques r\u00e8gles sp\u00e9cifiques aux emplois \u00e0 caract\u00e8re saisonnier&nbsp;:<\/p>\n\n\n\n<ul class=\"wp-block-list\"><li>le droit \u00e0 la reconduction&nbsp;: les modalit\u00e9s de reconduction du contrat d\u2019une ann\u00e9e sur l\u2019autre peuvent \u00eatre pr\u00e9vues soit par la convention collective soit par le contrat de travail lui-m\u00eame.<br><br>A d\u00e9faut de dispositions conventionnelles, le code du travail pr\u00e9voit que lorsqu\u2019un travailleur a travaill\u00e9 deux saisons cons\u00e9cutives dans la m\u00eame entreprise, il doit \u00eatre inform\u00e9 des postes disponibles la saison suivante et b\u00e9n\u00e9ficie d\u2019un <strong>droit \u00e0 la reconduction<\/strong> de son contrat (article 1244-2-2 du Code du travail).<\/li><\/ul>\n\n\n\n<ul class=\"wp-block-list\"><li>les indemnit\u00e9s de fin de contrat&nbsp;: commun\u00e9ment appel\u00e9es \u00ab&nbsp;indemnit\u00e9s de pr\u00e9carit\u00e9s&nbsp;\u00bb, elles ne sont pas dues \u00e0 l\u2019issue d\u2019un contrat \u00e0 caract\u00e8re saisonnier (article L <a><\/a>1251-33 du Code du travail).<\/li><\/ul>\n\n\n\n<ul class=\"wp-block-list\"><li>l\u2019anciennet\u00e9&nbsp;: les contrats \u00ab&nbsp;saisonniers&nbsp;\u00bb successifs dans une m\u00eame entreprise, sur plusieurs saisons se cumulent pour le calcul de l\u2019anciennet\u00e9,&nbsp; m\u00eame lorsqu&rsquo;ils ont \u00e9t\u00e9 interrompus par des p\u00e9riodes sans activit\u00e9 (article L 1244-2 et L 1244-2-1 du Code du travail).<\/li><\/ul>\n\n\n\n<p>Attention&nbsp;! Le CDD saisonnier est n\u00e9cessairement \u00e9crit et comporte les mentions obligatoires suivantes&nbsp;:<\/p>\n\n\n\n<p>&#8211; La d\u00e9finition pr\u00e9cise du motif de recours au CDD<\/p>\n\n\n\n<p>&#8211; S\u2019il pr\u00e9voit un terme pr\u00e9cis&nbsp;: la date du terme et, le cas \u00e9ch\u00e9ant, une clause de renouvellement&nbsp;; s\u2019il ne pr\u00e9voit pas de terme pr\u00e9cis&nbsp;: la dur\u00e9e minimale pour laquelle il est conclu<\/p>\n\n\n\n<p>&#8211; La d\u00e9signation du poste de travail<\/p>\n\n\n\n<p>&#8211; L&rsquo;intitul\u00e9 de la convention collective applicable<\/p>\n\n\n\n<p>&#8211; La dur\u00e9e de la p\u00e9riode d&rsquo;essai \u00e9ventuellement pr\u00e9vue<\/p>\n\n\n\n<p>&#8211; Le montant de la r\u00e9mun\u00e9ration y compris les primes, accessoires de salaire et avantages en nature s\u2019il en existe<\/p>\n\n\n\n<p>&#8211; Le nom et l&rsquo;adresse de la caisse de retraite compl\u00e9mentaire ainsi que, le cas \u00e9ch\u00e9ant, ceux de l&rsquo;organisme de pr\u00e9voyance.<\/p>\n\n\n\n<p>Article L1242-12 du Code du travail<\/p>\n\n\n\n<p><em>Le contrat de mission est \u00e9galement \u00e9crit. Ses mentions obligatoires sont list\u00e9es \u00e0 l\u2019article 1251-16 du Code du travail. <\/em><em><\/em><\/p>\n\n\n\n<p>\uf047 <em>S<strong>ans contrat \u00e9crit, la relation de travail est r\u00e9put\u00e9e \u00eatre en CDI et \u00e0 temps plein. Il est, dans ce cas, possible de saisir le Conseil des Prud\u2019hommes pour obtenir une requalification. <\/strong><\/em><em><\/em><\/p>\n\n\n\n<p><strong><u>Installation des travailleur<\/u><\/strong><strong><u>\u00b7euses saisonniers<\/u><\/strong><\/p>\n\n\n\n<p>Il n\u2019existe pas d\u2019obligations faites \u00e0 l\u2019employeur pour l\u2019installation des travailleurs saisonnier.es lorsqu\u2019ils ne vivent pas, \u00e0 l\u2019ann\u00e9e, dans la zone d\u2019emploi.<\/p>\n\n\n\n<p>Cependant, certaines conventions collectives ou certaines entreprises peuvent pr\u00e9voir des<strong> aides \u00e0 l\u2019installation ou des avantages en nature<\/strong> (h\u00e9bergement, nourriture), fournis gratuitement ou contre une participation p\u00e9cuniaire inf\u00e9rieure \u00e0 leur valeur r\u00e9elle.<\/p>\n\n\n\n<p>Les avantages en nature constituent un \u00e9l\u00e9ment de r\u00e9mun\u00e9ration&nbsp;: ils doivent donc \u00eatre pr\u00e9vus dans le contrat de travail, appara\u00eetre sur les bulletins de salaire et donnent lieu \u00e0 cotisations (article <a><\/a>L136-1-1 du Code de la S\u00e9curit\u00e9 sociale).<\/p>\n\n\n\n<p>Pour le paiement des cotisations, la valeur des avantages en nature est \u00e9valu\u00e9e de mani\u00e8re forfaitaire par l\u2019URSSAF&nbsp;: cette \u00e9valuation, faite annuellement, concerne l\u2019h\u00e9bergement, les repas, les v\u00e9hicules.<\/p>\n\n\n\n<p>Enfin, la conclusion d&rsquo;un contrat de travail \u00e0 caract\u00e8re saisonnier \u00ab&nbsp;ouvre le droit de <strong>faire inscrire ses enfants dans une \u00e9cole de la commune<\/strong> de son lieu de r\u00e9sidence temporaire ou de travail&nbsp;\u00bb (article L. 131-5 du Code de l\u2019\u00e9ducation).<\/p>\n\n\n\n<p><strong><u>L\u2019assurance maladie des saisonniers<\/u><\/strong><\/p>\n\n\n\n<p>Si vous changez de domicile pour un contrat saisonnier&nbsp;:<\/p>\n\n\n\n<p>-&gt; inf\u00e9rieur \u00e0 6 mois&nbsp;: votre caisse d\u2019assurance maladie reste la m\u00eame. Avant de partir, signalez votre adresse provisoire \u00e0 votre CPAM.<\/p>\n\n\n\n<p>\u2192 sup\u00e9rieur \u00e0 6 mois&nbsp;: contactez la CPAM du d\u00e9partement o\u00f9 vous allez d\u00e9sormais r\u00e9sider pour demander le transfert de votre dossier.<\/p>\n\n\n\n<p>Les conditions d\u2019ouverture des droits, de remboursement et de paiement des IJSS sont les m\u00eames que pour les salari\u00e9.es non saisonniers.<\/p>\n\n\n\n<p><strong><u><strong><u><br>Droits au ch\u00f4mage des saisonnier\u00b7\u00e8res<\/u><\/strong><\/u><\/strong><\/p>\n\n\n\n<p>Depuis le 1er d\u00e9cembre 2021, <strong>la dur\u00e9e minimale d\u2019affiliation a \u00e9t\u00e9 rallong\u00e9e<\/strong>&nbsp;: il faut d\u00e9sormais avoir travaill\u00e9 <strong>130 jours ou 910 heures (soit environ six mois) sur une p\u00e9riode de 24 mois (ou 36 mois pour les 53 ans et plus)<\/strong> pour pouvoir ouvrir ou recharger des droits \u00e0 l\u2019assurance ch\u00f4mage.<\/p>\n\n\n\n<p>Les entreprises peuvent, en outre, enclencher le<strong> m\u00e9canisme de ch\u00f4mage partiel <\/strong>pour permettre aux salari\u00e9.es d\u2019\u00eatre indemnis\u00e9s en cas de r\u00e9duction ou suspension temporaire de l\u2019activit\u00e9 si celle-ci est li\u00e9e \u00e0 la conjoncture \u00e9conomique, aux difficult\u00e9s d\u2019approvisionnement en mati\u00e8res premi\u00e8res, d\u2019intemp\u00e9rie ou de toute autre circonstance de caract\u00e8re exceptionnel.<\/p>\n\n\n\n<p><strong><u>Travailleur<\/u><\/strong><strong>\u00b7euse<u>s sans-papiers&nbsp;: saisonniers ou non, vous avez des droits&nbsp;!<\/u><\/strong><\/p>\n\n\n\n<p>Avec ou sans papiers, l\u2019employeur doit respecter les dispositions l\u00e9gales et conventionnelles en vigueur pour tous les travailleur\u00b7euses&nbsp;: obligation de d\u00e9claration du\/de la salari\u00e9\u00b7e&nbsp;; respect des dur\u00e9es l\u00e9gales et conventionnelles du travail et des minimas salariaux&nbsp;; respect des dispositions en mati\u00e8re de sant\u00e9 et de s\u00e9curit\u00e9&nbsp;; paiement des cong\u00e9s pay\u00e9s&nbsp;; etc.<\/p>\n\n\n\n<p>En cas de rupture du contrat de travail, l\u2019employeur&nbsp;:<\/p>\n\n\n\n<p>&#8211; dans tous les cas verse l\u2019int\u00e9gralit\u00e9 des salaires correspondant \u00e0 la p\u00e9riode travaill\u00e9e, et les cong\u00e9s pay\u00e9s y aff\u00e9rent&nbsp;;<\/p>\n\n\n\n<p>&#8211; s\u2019il connaissait ou pouvait conna\u00eetre votre situation administrative, vous verse une indemnit\u00e9 de 3 mois de salaire minimum.<\/p>\n\n\n\n<p>\uf047 Si la p\u00e9riode d\u2019emploi n\u2019a pas \u00e9t\u00e9 d\u00e9clar\u00e9e, l\u2019employeur peut \u00e9galement \u00eatre condamn\u00e9 par un Conseil des prud\u2019hommes au versement d\u2019une indemnit\u00e9 forfaitaire de 6 mois de salaire pour travail dissimul\u00e9.<\/p>\n\n\n\n<p><strong><u>Travailleur<\/u><\/strong>\u00b7<strong><u>euses saisonniers&nbsp;: d\u00e9fendez vos droits&nbsp;!<\/u><\/strong><\/p>\n\n\n\n<p>Collectivement&nbsp;: tout\u00b7e salari\u00e9\u00b7e, quel que soit son sexe, son \u00e2ge ou sa nationalit\u00e9, peut librement se syndiquer et exercer une activit\u00e9 syndicale dans l\u2019entreprise o\u00f9 il\/elle travaille. Contactez votre syndicat&nbsp;! <strong><u><\/u><\/strong><\/p>\n\n\n\n<p>Individuellement, devant le conseil des prud\u2019hommes&nbsp;: vous travaillez dans des conditions insoutenables&nbsp;? Votre employeur ne respecte pas les dispositions l\u00e9gales&nbsp;? Votre salaire n\u2019est pas au niveau des minimas conventionnels&nbsp;? Vos heures suppl\u00e9mentaires ne sont pas pay\u00e9es&nbsp;? \u2026 Prenez contact avec votre d\u00e9fenseur syndical pour une proc\u00e9dure devant le Conseil des Prud\u2019hommes. <strong><u><\/u><\/strong><\/p>\n\n\n\n<figure class=\"wp-block-image size-large\"><img loading=\"lazy\" decoding=\"async\" width=\"1024\" height=\"724\" src=\"https:\/\/cnt-so.org\/13\/wp-content\/uploads\/sites\/2\/2023\/07\/cnt_so_saisonnieres_8-1024x724.png\" alt=\"\" class=\"wp-image-3331\" srcset=\"https:\/\/cnt-so.org\/13\/wp-content\/uploads\/sites\/2\/2023\/07\/cnt_so_saisonnieres_8-1024x724.png 1024w, https:\/\/cnt-so.org\/13\/wp-content\/uploads\/sites\/2\/2023\/07\/cnt_so_saisonnieres_8-300x212.png 300w, https:\/\/cnt-so.org\/13\/wp-content\/uploads\/sites\/2\/2023\/07\/cnt_so_saisonnieres_8-768x543.png 768w, https:\/\/cnt-so.org\/13\/wp-content\/uploads\/sites\/2\/2023\/07\/cnt_so_saisonnieres_8.png 1123w\" sizes=\"auto, (max-width: 1024px) 100vw, 1024px\" \/><\/figure>\n\n\n\n<figure class=\"wp-block-image size-large\"><img loading=\"lazy\" decoding=\"async\" width=\"1024\" height=\"724\" src=\"https:\/\/cnt-so.org\/13\/wp-content\/uploads\/sites\/2\/2023\/07\/cnt_so_saisonnieres_it-1024x724.png\" alt=\"\" class=\"wp-image-3336\" srcset=\"https:\/\/cnt-so.org\/13\/wp-content\/uploads\/sites\/2\/2023\/07\/cnt_so_saisonnieres_it-1024x724.png 1024w, https:\/\/cnt-so.org\/13\/wp-content\/uploads\/sites\/2\/2023\/07\/cnt_so_saisonnieres_it-300x212.png 300w, https:\/\/cnt-so.org\/13\/wp-content\/uploads\/sites\/2\/2023\/07\/cnt_so_saisonnieres_it-768x543.png 768w, https:\/\/cnt-so.org\/13\/wp-content\/uploads\/sites\/2\/2023\/07\/cnt_so_saisonnieres_it.png 1123w\" sizes=\"auto, (max-width: 1024px) 100vw, 1024px\" \/><\/figure>\n\n\n\n<figure class=\"wp-block-image size-large\"><img loading=\"lazy\" decoding=\"async\" width=\"1024\" height=\"724\" src=\"https:\/\/cnt-so.org\/13\/wp-content\/uploads\/sites\/2\/2023\/07\/cnt_so_saisonnieres-1-1024x724.png\" alt=\"\" class=\"wp-image-3341\" srcset=\"https:\/\/cnt-so.org\/13\/wp-content\/uploads\/sites\/2\/2023\/07\/cnt_so_saisonnieres-1-1024x724.png 1024w, https:\/\/cnt-so.org\/13\/wp-content\/uploads\/sites\/2\/2023\/07\/cnt_so_saisonnieres-1-300x212.png 300w, https:\/\/cnt-so.org\/13\/wp-content\/uploads\/sites\/2\/2023\/07\/cnt_so_saisonnieres-1-768x543.png 768w, https:\/\/cnt-so.org\/13\/wp-content\/uploads\/sites\/2\/2023\/07\/cnt_so_saisonnieres-1.png 1123w\" sizes=\"auto, (max-width: 1024px) 100vw, 1024px\" \/><\/figure>\n\n\n\n<figure class=\"wp-block-image size-large\"><img loading=\"lazy\" decoding=\"async\" width=\"1024\" height=\"724\" src=\"https:\/\/cnt-so.org\/13\/wp-content\/uploads\/sites\/2\/2023\/07\/cnt_so_saisonnieres_5-1-1024x724.png\" alt=\"\" class=\"wp-image-3342\" srcset=\"https:\/\/cnt-so.org\/13\/wp-content\/uploads\/sites\/2\/2023\/07\/cnt_so_saisonnieres_5-1-1024x724.png 1024w, https:\/\/cnt-so.org\/13\/wp-content\/uploads\/sites\/2\/2023\/07\/cnt_so_saisonnieres_5-1-300x212.png 300w, https:\/\/cnt-so.org\/13\/wp-content\/uploads\/sites\/2\/2023\/07\/cnt_so_saisonnieres_5-1-768x543.png 768w, https:\/\/cnt-so.org\/13\/wp-content\/uploads\/sites\/2\/2023\/07\/cnt_so_saisonnieres_5-1.png 1123w\" sizes=\"auto, (max-width: 1024px) 100vw, 1024px\" \/><\/figure>\n\n\n\n<figure class=\"wp-block-image size-large\"><img loading=\"lazy\" decoding=\"async\" width=\"1024\" height=\"724\" src=\"https:\/\/cnt-so.org\/13\/wp-content\/uploads\/sites\/2\/2023\/07\/cnt_so_saisonnieres_4-1-1024x724.png\" alt=\"\" class=\"wp-image-3343\" srcset=\"https:\/\/cnt-so.org\/13\/wp-content\/uploads\/sites\/2\/2023\/07\/cnt_so_saisonnieres_4-1-1024x724.png 1024w, https:\/\/cnt-so.org\/13\/wp-content\/uploads\/sites\/2\/2023\/07\/cnt_so_saisonnieres_4-1-300x212.png 300w, https:\/\/cnt-so.org\/13\/wp-content\/uploads\/sites\/2\/2023\/07\/cnt_so_saisonnieres_4-1-768x543.png 768w, https:\/\/cnt-so.org\/13\/wp-content\/uploads\/sites\/2\/2023\/07\/cnt_so_saisonnieres_4-1.png 1123w\" sizes=\"auto, (max-width: 1024px) 100vw, 1024px\" \/><\/figure>\n\n\n\n<figure class=\"wp-block-image size-large\"><img loading=\"lazy\" decoding=\"async\" width=\"1024\" height=\"724\" src=\"https:\/\/cnt-so.org\/13\/wp-content\/uploads\/sites\/2\/2023\/06\/cnt_so_saisonnieres_es-1024x724.png\" alt=\"\" class=\"wp-image-3351\" srcset=\"https:\/\/cnt-so.org\/13\/wp-content\/uploads\/sites\/2\/2023\/06\/cnt_so_saisonnieres_es-1024x724.png 1024w, https:\/\/cnt-so.org\/13\/wp-content\/uploads\/sites\/2\/2023\/06\/cnt_so_saisonnieres_es-300x212.png 300w, https:\/\/cnt-so.org\/13\/wp-content\/uploads\/sites\/2\/2023\/06\/cnt_so_saisonnieres_es-768x543.png 768w, https:\/\/cnt-so.org\/13\/wp-content\/uploads\/sites\/2\/2023\/06\/cnt_so_saisonnieres_es.png 1123w\" sizes=\"auto, (max-width: 1024px) 100vw, 1024px\" \/><\/figure>\n","protected":false},"excerpt":{"rendered":"<p>H\u00f4tellerie-restauration, tourisme, animation, distribution, agriculture\u2026 Comme chaque \u00e9t\u00e9, de nombreux secteurs ont recours \u00e0 des emplois saisonniers. Les patrons abusent volontiers d\u2019une main d\u2019oeuvre pr\u00e9caire, souvent jeune ou \u00e9trang\u00e8re. En cas de litige ou probl\u00e8me&nbsp; (heure impay\u00e9es, probl\u00e8mes de contrats\u2026) vous n\u2019\u00eates pas seul-es face aux exploiteurs : contactez le syndicat pour d\u00e9fendre vos droits [&hellip;]<\/p>\n","protected":false},"author":11,"featured_media":3014,"comment_status":"closed","ping_status":"open","sticky":false,"template":"","format":"standard","meta":{"footnotes":""},"categories":[68,87],"tags":[125,124,196],"class_list":["post-3325","post","type-post","status-publish","format-standard","has-post-thumbnail","hentry","category-cnt-solidarite-ouvriere","category-actualites-syndicales","tag-carrousel","tag-manchette","tag-travailleurs-saisonniers"],"_links":{"self":[{"href":"https:\/\/cnt-so.org\/13\/wp-json\/wp\/v2\/posts\/3325","targetHints":{"allow":["GET"]}}],"collection":[{"href":"https:\/\/cnt-so.org\/13\/wp-json\/wp\/v2\/posts"}],"about":[{"href":"https:\/\/cnt-so.org\/13\/wp-json\/wp\/v2\/types\/post"}],"author":[{"embeddable":true,"href":"https:\/\/cnt-so.org\/13\/wp-json\/wp\/v2\/users\/11"}],"replies":[{"embeddable":true,"href":"https:\/\/cnt-so.org\/13\/wp-json\/wp\/v2\/comments?post=3325"}],"version-history":[{"count":6,"href":"https:\/\/cnt-so.org\/13\/wp-json\/wp\/v2\/posts\/3325\/revisions"}],"predecessor-version":[{"id":3358,"href":"https:\/\/cnt-so.org\/13\/wp-json\/wp\/v2\/posts\/3325\/revisions\/3358"}],"wp:featuredmedia":[{"embeddable":true,"href":"https:\/\/cnt-so.org\/13\/wp-json\/wp\/v2\/media\/3014"}],"wp:attachment":[{"href":"https:\/\/cnt-so.org\/13\/wp-json\/wp\/v2\/media?parent=3325"}],"wp:term":[{"taxonomy":"category","embeddable":true,"href":"https:\/\/cnt-so.org\/13\/wp-json\/wp\/v2\/categories?post=3325"},{"taxonomy":"post_tag","embeddable":true,"href":"https:\/\/cnt-so.org\/13\/wp-json\/wp\/v2\/tags?post=3325"}],"curies":[{"name":"wp","href":"https:\/\/api.w.org\/{rel}","templated":true}]}}