{"id":3447,"date":"2025-01-27T22:20:43","date_gmt":"2025-01-27T21:20:43","guid":{"rendered":"https:\/\/cnt-so.org\/13\/?p=3447"},"modified":"2025-01-27T22:39:32","modified_gmt":"2025-01-27T21:39:32","slug":"stage-intersyndical-agir-contre-lamiante-dans-leducation-nationale","status":"publish","type":"post","link":"https:\/\/cnt-so.org\/13\/2025\/01\/27\/stage-intersyndical-agir-contre-lamiante-dans-leducation-nationale\/","title":{"rendered":"Stage intersyndical: Agir contre l&rsquo;amiante dans l&rsquo;\u00c9ducation Nationale"},"content":{"rendered":"\n<p>Apr\u00e8s avoir respectivement organis\u00e9 des stages sur la question de l\u2019amiante, les syndicats CNT-SO \u00c9ducation 13 , SUD \u00e9ducation 13, CGT-Educ\u2019action 13 et la FSU-SNUipp13 proposent une nouvelle vague de formation et de lutte contre l\u2019amiante en organisant un nouveau stage le <strong>7 Mars 2025<\/strong> \u00e0 Marseille afin de r\u00e9pondre aux pr\u00e9occupations l\u00e9gitimes des personnels. Ce stage sera co-organis\u00e9 avec l\u2019Association des Victimes de l\u2019Amiante dans l\u2019\u00c9ducation Nationale (AVALE 13).<\/p>\n\n\n\n<p>D\u2019ici \u00e0&nbsp;2025, <strong>l\u2019amiante pourrait provoquer 100 000 morts en France. Mais combien parmi les personnels de l\u2019\u00c9ducation nationale et de l\u2019Enseignement sup\u00e9rieur et de la recherche&nbsp;?<\/strong> Entre 1998 et 2017, au moins 20 personnels contractent un m\u00e9soth\u00e9liome pleural par an (source&nbsp;: Sant\u00e9 Publique France). Ce chiffre est largement minor\u00e9 par la sous-d\u00e9claration des maladies provoqu\u00e9es par l\u2019amiante, qui de surcro\u00eet se d\u00e9clenchent apr\u00e8s des dizaines d\u2019ann\u00e9es de latence. Et surtout le risque n\u2019est pas pris en compte et l\u2019\u00c9ducation Nationale comme les collectivit\u00e9s territoriales s\u2019assoient r\u00e9guli\u00e8rement sur leurs obligations l\u00e9gales. <strong>Quelques donn\u00e9es montrent que le sujet de l\u2019amiante a&nbsp;toutes les caract\u00e9ristiques de la bombe \u00e0&nbsp;retardement sanitaire&nbsp;:<\/strong><\/p>\n\n\n\n<ul class=\"wp-block-list\"><li>En 2016, 85% des \u00e9coles et \u00e9tablissements scolaires ont \u00e9t\u00e9 construits avant 1997, date de l\u2019interdiction de l\u2019amiante en France et sont donc concern\u00e9s par ce risque.<\/li><li>1\/3 des \u00e9tablissements les Dossiers Techniques Amiante (DTA), pourtant obligatoires, ne sont pas pr\u00e9sents. Parmi les 70 % des \u00e9coles et \u00e9tablissements o\u00f9 ce dossier existe, 40% n\u2019\u00e9taient pas actualis\u00e9s depuis 2013.<\/li><li>Dans ces \u00e9coles et \u00e9tablissements, 80% de lyc\u00e9es professionnels, 77% des lyc\u00e9es g\u00e9n\u00e9raux et technologiques, 73 % des coll\u00e8ges et 38 % des \u00e9coles contiennent toujours de l\u2019amiante.<\/li><li>Si les travaux de d\u00e9samiantage ne sont pas faits, il y&nbsp;a pire encore&nbsp;: quand d\u2019autres travaux sont effectu\u00e9s, il n\u2019y aucune prise en compte de l\u2019amiante alors m\u00eame que les travaux la rende volatile et exposent personnels et \u00e9l\u00e8ves. Or, souvent, les Rep\u00e9rages Avant Travaux pourtant eux aussi obligatoires, ne sont pas effectu\u00e9s ou sont parcellaires. L\u00e0 encore, lorsqu\u2019ils sont pr\u00e9sents, nous n\u2019avons aucune assurance qu\u2019ils soient r\u00e9alis\u00e9s par un organisme comp\u00e9tent.<\/li><\/ul>\n\n\n\n<p>Il est donc particuli\u00e8rement important que les personnels mais aussi les usager-es s\u2019emparent de cette question et imposent \u00e0&nbsp;l\u2019administration de l\u2019\u00c9ducation Nationale et des collectivit\u00e9s locales de mettre en place une vraie politique de pr\u00e9vention sanitaire sur le sujet. Face \u00e0&nbsp;l\u2019amiante dans l\u2019\u00c9ducation Nationale, il est urgent d\u2019agir.<\/p>\n\n\n\n<p><strong>Programme provisoire (plus d\u2019info \u00e0&nbsp;venir)&nbsp;:<br><\/strong><\/p>\n\n\n\n<ul class=\"wp-block-list\"><li>Amiante du produit miracle au scandale sanitaire<\/li><li>Comment savoir s\u2019il y&nbsp;a de l\u2019amiante dans mon \u00e9tablissement&nbsp;?<\/li><li>Comment obtenir le DTA de mon \u00e9cole ou \u00e9tablissement&nbsp;?<\/li><li>Comment lire un&nbsp;DTA&nbsp;?<\/li><li>Pourquoi m\u2019informer et informer sur la pr\u00e9sence de l\u2019amiante&nbsp;?<\/li><li>Que faire face \u00e0&nbsp;une maladie li\u00e9e \u00e0&nbsp;l\u2019amiante&nbsp;?<\/li><li>Comment agir collectivement et syndicalement dans l\u2019\u00c9ducation Nationale&nbsp;?<\/li><li>Atelier d\u2019\u00e9tude et d\u2019analyse des DTA des participant-es au&nbsp;stage<\/li><\/ul>\n\n\n\n<p><strong>IMPORTANT : date limite de demande de cong\u00e9 pour formation syndicale : le 7 f\u00e9vrier 2025<\/strong>.<\/p>\n\n\n\n<h5 class=\"wp-block-heading\">INSCRIPTIONS:<\/h5>\n\n\n\n<p>Pour s\u2019inscrire, deux \u00e9tapes&nbsp;:<\/p>\n\n\n\n<p><strong>1-<\/strong> Je m&rsquo;inscris aupr\u00e8s du syndicat en remplissant le formulaire en cliquant sur le lien suivant : <a href=\"https:\/\/framaforms.org\/stage-intersyndical-agir-syndicalement-contre-lamiante-dans-leducation-7-mars-2025-1736151450\"><strong>formulaire d\u2019inscription<\/strong><\/a><\/p>\n\n\n\n<p><strong>2-<\/strong> J&rsquo;envoie ma demande de cong\u00e9 de formation aupr\u00e8s de la hi\u00e9rarchie, DASEN pour le 1er degr\u00e9 ou Recteur pour le 2nd degr\u00e9. Des mod\u00e8les \u00e0 compl\u00e9ter sont disponibles en pi\u00e8ce-jointe de cet article.<\/p>\n\n\n\n<div class=\"wp-block-file\"><a href=\"https:\/\/cnt-so.org\/13\/wp-content\/uploads\/sites\/2\/2025\/01\/demande-conge-formation-1er-degre-Amiante_2025.odt\"><a href=\"https:\/\/cnt-so.org\/13\/wp-content\/uploads\/sites\/2\/2024\/04\/demande-conge-formation-1er-degre-Amiante.odt\">Demande Cong\u00e9 de formation 1er degr\u00e9 sur l\u2019amiante<\/a><a href=\"https:\/\/cnt-so.org\/13\/wp-content\/uploads\/sites\/2\/2025\/01\/demande-conge-formation-1er-degre-Amiante_2025.odt\"><\/a><\/a><a href=\"https:\/\/cnt-so.org\/13\/wp-content\/uploads\/sites\/2\/2025\/01\/demande-conge-formation-1er-degre-Amiante_2025.odt\" class=\"wp-block-file__button\" download>T\u00e9l\u00e9charger<\/a><\/div>\n\n\n\n<div class=\"wp-block-file\"><a href=\"https:\/\/cnt-so.org\/13\/wp-content\/uploads\/sites\/2\/2025\/01\/demande-conge-formation-2nd-degre-Amiante-2025.odt\"><a href=\"https:\/\/cnt-so.org\/13\/wp-content\/uploads\/sites\/2\/2024\/04\/demande-conge-formation-1er-degre-Amiante.odt\">Demande Cong\u00e9 de formation 2nd degr\u00e9 sur l\u2019amiante<\/a><a href=\"https:\/\/cnt-so.org\/13\/wp-content\/uploads\/sites\/2\/2025\/01\/demande-conge-formation-1er-degre-Amiante_2025.odt\"><\/a><\/a><a href=\"https:\/\/cnt-so.org\/13\/wp-content\/uploads\/sites\/2\/2025\/01\/demande-conge-formation-2nd-degre-Amiante-2025.odt\" class=\"wp-block-file__button\" download>T\u00e9l\u00e9charger<\/a><\/div>\n\n\n\n<p><\/p>\n","protected":false},"excerpt":{"rendered":"<p>Apr\u00e8s avoir respectivement organis\u00e9 des stages sur la question de l\u2019amiante, les syndicats CNT-SO \u00c9ducation 13 , SUD \u00e9ducation 13, CGT-Educ\u2019action 13 et la FSU-SNUipp13 proposent une nouvelle vague de formation et de lutte contre l\u2019amiante en organisant un nouveau stage le 7 Mars 2025 \u00e0 Marseille afin de r\u00e9pondre aux pr\u00e9occupations l\u00e9gitimes des personnels. [&hellip;]<\/p>\n","protected":false},"author":11,"featured_media":3448,"comment_status":"closed","ping_status":"open","sticky":false,"template":"","format":"standard","meta":{"footnotes":""},"categories":[65,64],"tags":[125,130,124],"class_list":["post-3447","post","type-post","status-publish","format-standard","has-post-thumbnail","hentry","category-actualites-luttes","category-education-recherche","tag-carrousel","tag-education","tag-manchette"],"_links":{"self":[{"href":"https:\/\/cnt-so.org\/13\/wp-json\/wp\/v2\/posts\/3447","targetHints":{"allow":["GET"]}}],"collection":[{"href":"https:\/\/cnt-so.org\/13\/wp-json\/wp\/v2\/posts"}],"about":[{"href":"https:\/\/cnt-so.org\/13\/wp-json\/wp\/v2\/types\/post"}],"author":[{"embeddable":true,"href":"https:\/\/cnt-so.org\/13\/wp-json\/wp\/v2\/users\/11"}],"replies":[{"embeddable":true,"href":"https:\/\/cnt-so.org\/13\/wp-json\/wp\/v2\/comments?post=3447"}],"version-history":[{"count":4,"href":"https:\/\/cnt-so.org\/13\/wp-json\/wp\/v2\/posts\/3447\/revisions"}],"predecessor-version":[{"id":3455,"href":"https:\/\/cnt-so.org\/13\/wp-json\/wp\/v2\/posts\/3447\/revisions\/3455"}],"wp:featuredmedia":[{"embeddable":true,"href":"https:\/\/cnt-so.org\/13\/wp-json\/wp\/v2\/media\/3448"}],"wp:attachment":[{"href":"https:\/\/cnt-so.org\/13\/wp-json\/wp\/v2\/media?parent=3447"}],"wp:term":[{"taxonomy":"category","embeddable":true,"href":"https:\/\/cnt-so.org\/13\/wp-json\/wp\/v2\/categories?post=3447"},{"taxonomy":"post_tag","embeddable":true,"href":"https:\/\/cnt-so.org\/13\/wp-json\/wp\/v2\/tags?post=3447"}],"curies":[{"name":"wp","href":"https:\/\/api.w.org\/{rel}","templated":true}]}}