{"id":249,"date":"2023-02-13T12:33:09","date_gmt":"2023-02-13T11:33:09","guid":{"rendered":"https:\/\/cnt-so.org\/poitiers\/?p=249"},"modified":"2023-02-14T00:04:32","modified_gmt":"2023-02-13T23:04:32","slug":"contre-la-reforme-des-retraites-on-lache-rien","status":"publish","type":"post","link":"https:\/\/cnt-so.org\/poitiers\/2023\/02\/13\/contre-la-reforme-des-retraites-on-lache-rien\/","title":{"rendered":"Contre la r\u00e9forme des retraites, on l\u00e2che rien !"},"content":{"rendered":"\n<figure class=\"wp-block-image size-large\"><img loading=\"lazy\" decoding=\"async\" width=\"1024\" height=\"724\" src=\"https:\/\/cnt-so.org\/poitiers\/wp-content\/uploads\/sites\/7\/2023\/02\/cnt_so_retraites_travaillons_toustes-1024x724.png\" alt=\"\" class=\"wp-image-250\" srcset=\"https:\/\/cnt-so.org\/poitiers\/wp-content\/uploads\/sites\/7\/2023\/02\/cnt_so_retraites_travaillons_toustes-1024x724.png 1024w, https:\/\/cnt-so.org\/poitiers\/wp-content\/uploads\/sites\/7\/2023\/02\/cnt_so_retraites_travaillons_toustes-300x212.png 300w, https:\/\/cnt-so.org\/poitiers\/wp-content\/uploads\/sites\/7\/2023\/02\/cnt_so_retraites_travaillons_toustes-768x543.png 768w, https:\/\/cnt-so.org\/poitiers\/wp-content\/uploads\/sites\/7\/2023\/02\/cnt_so_retraites_travaillons_toustes.png 1123w\" sizes=\"auto, (max-width: 1024px) 100vw, 1024px\" \/><\/figure>\n\n\n\n<p>La mobilisation contre la r\u00e9forme des retraites continue dans la Vienne comme partout en France.<\/p>\n\n\n\n<p>Toutes et tous en gr\u00e8ve et en manifestation le <strong>jeudi 16 f\u00e9vrier 2023 <\/strong>!<\/p>\n\n\n\n<p>A Poitiers, rendez-vous \u00e0 14h Place de France, d\u00e9part 14h30.<\/p>\n\n\n\n<p>A Ch\u00e2tellerault, 10h au Kiosque.<\/p>\n\n\n\n<p>A Montmorillon, 10h place de la Victoire.<\/p>\n\n\n\n<figure class=\"wp-block-image size-large\"><img loading=\"lazy\" decoding=\"async\" width=\"724\" height=\"1024\" src=\"https:\/\/cnt-so.org\/poitiers\/wp-content\/uploads\/sites\/7\/2023\/02\/16-fevrier-IS-86-724x1024.png\" alt=\"\" class=\"wp-image-262\" srcset=\"https:\/\/cnt-so.org\/poitiers\/wp-content\/uploads\/sites\/7\/2023\/02\/16-fevrier-IS-86-724x1024.png 724w, https:\/\/cnt-so.org\/poitiers\/wp-content\/uploads\/sites\/7\/2023\/02\/16-fevrier-IS-86-212x300.png 212w, https:\/\/cnt-so.org\/poitiers\/wp-content\/uploads\/sites\/7\/2023\/02\/16-fevrier-IS-86-768x1086.png 768w, https:\/\/cnt-so.org\/poitiers\/wp-content\/uploads\/sites\/7\/2023\/02\/16-fevrier-IS-86-1086x1536.png 1086w, https:\/\/cnt-so.org\/poitiers\/wp-content\/uploads\/sites\/7\/2023\/02\/16-fevrier-IS-86-1200x1697.png 1200w, https:\/\/cnt-so.org\/poitiers\/wp-content\/uploads\/sites\/7\/2023\/02\/16-fevrier-IS-86-1320x1867.png 1320w, https:\/\/cnt-so.org\/poitiers\/wp-content\/uploads\/sites\/7\/2023\/02\/16-fevrier-IS-86.png 1414w\" sizes=\"auto, (max-width: 724px) 100vw, 724px\" \/><\/figure>\n","protected":false},"excerpt":{"rendered":"<p>La mobilisation contre la r\u00e9forme des retraites continue dans la Vienne comme partout en France. Toutes et tous en gr\u00e8ve et en manifestation le jeudi 16 f\u00e9vrier 2023 ! A Poitiers, rendez-vous \u00e0 14h Place de France, d\u00e9part 14h30. A Ch\u00e2tellerault, 10h au Kiosque. A Montmorillon, 10h place de la Victoire.<\/p>\n","protected":false},"author":10,"featured_media":250,"comment_status":"open","ping_status":"open","sticky":false,"template":"","format":"standard","meta":{"footnotes":""},"categories":[9,11],"tags":[36,41],"class_list":["post-249","post","type-post","status-publish","format-standard","has-post-thumbnail","hentry","category-actualites-locales","category-agenda","tag-manifestation","tag-retraites"],"_links":{"self":[{"href":"https:\/\/cnt-so.org\/poitiers\/wp-json\/wp\/v2\/posts\/249","targetHints":{"allow":["GET"]}}],"collection":[{"href":"https:\/\/cnt-so.org\/poitiers\/wp-json\/wp\/v2\/posts"}],"about":[{"href":"https:\/\/cnt-so.org\/poitiers\/wp-json\/wp\/v2\/types\/post"}],"author":[{"embeddable":true,"href":"https:\/\/cnt-so.org\/poitiers\/wp-json\/wp\/v2\/users\/10"}],"replies":[{"embeddable":true,"href":"https:\/\/cnt-so.org\/poitiers\/wp-json\/wp\/v2\/comments?post=249"}],"version-history":[{"count":2,"href":"https:\/\/cnt-so.org\/poitiers\/wp-json\/wp\/v2\/posts\/249\/revisions"}],"predecessor-version":[{"id":264,"href":"https:\/\/cnt-so.org\/poitiers\/wp-json\/wp\/v2\/posts\/249\/revisions\/264"}],"wp:featuredmedia":[{"embeddable":true,"href":"https:\/\/cnt-so.org\/poitiers\/wp-json\/wp\/v2\/media\/250"}],"wp:attachment":[{"href":"https:\/\/cnt-so.org\/poitiers\/wp-json\/wp\/v2\/media?parent=249"}],"wp:term":[{"taxonomy":"category","embeddable":true,"href":"https:\/\/cnt-so.org\/poitiers\/wp-json\/wp\/v2\/categories?post=249"},{"taxonomy":"post_tag","embeddable":true,"href":"https:\/\/cnt-so.org\/poitiers\/wp-json\/wp\/v2\/tags?post=249"}],"curies":[{"name":"wp","href":"https:\/\/api.w.org\/{rel}","templated":true}]}}