{"id":429,"date":"2023-06-02T18:25:46","date_gmt":"2023-06-02T16:25:46","guid":{"rendered":"https:\/\/cnt-so.org\/poitiers\/?p=429"},"modified":"2023-06-02T18:25:46","modified_gmt":"2023-06-02T16:25:46","slug":"le-06-juin-les-grevistes-debarquent-contre-lattaque-sur-nos-retraites","status":"publish","type":"post","link":"https:\/\/cnt-so.org\/poitiers\/2023\/06\/02\/le-06-juin-les-grevistes-debarquent-contre-lattaque-sur-nos-retraites\/","title":{"rendered":"Le 06 juin, les gr\u00e9vistes d\u00e9barquent contre l&rsquo;attaque sur nos retraites!"},"content":{"rendered":"\n<p>La lutte continue, le mardi 06 juin, contre le report du d\u00e9part \u00e0 la retraite \u00e0 64 ans. Toutes et tous en gr\u00e8ve, construisons la gr\u00e8ve g\u00e9n\u00e9rale!<\/p>\n\n\n\n<p>Manifestation Intersyndicale : RDV \u00e0 14h au stade R\u00e9beillau (sur le campus universitaire) ; fin de la manifestation a la gare.<\/p>\n","protected":false},"excerpt":{"rendered":"<p>La lutte continue, le mardi 06 juin, contre le report du d\u00e9part \u00e0 la retraite \u00e0 64 ans. Toutes et tous en gr\u00e8ve, construisons la gr\u00e8ve g\u00e9n\u00e9rale! Manifestation Intersyndicale : RDV \u00e0 14h au stade R\u00e9beillau (sur le campus universitaire) ; fin de la manifestation a la gare.<\/p>\n","protected":false},"author":10,"featured_media":0,"comment_status":"open","ping_status":"open","sticky":false,"template":"","format":"standard","meta":{"footnotes":""},"categories":[9,19],"tags":[36,41],"class_list":["post-429","post","type-post","status-publish","format-standard","hentry","category-actualites-locales","category-national","tag-manifestation","tag-retraites"],"_links":{"self":[{"href":"https:\/\/cnt-so.org\/poitiers\/wp-json\/wp\/v2\/posts\/429","targetHints":{"allow":["GET"]}}],"collection":[{"href":"https:\/\/cnt-so.org\/poitiers\/wp-json\/wp\/v2\/posts"}],"about":[{"href":"https:\/\/cnt-so.org\/poitiers\/wp-json\/wp\/v2\/types\/post"}],"author":[{"embeddable":true,"href":"https:\/\/cnt-so.org\/poitiers\/wp-json\/wp\/v2\/users\/10"}],"replies":[{"embeddable":true,"href":"https:\/\/cnt-so.org\/poitiers\/wp-json\/wp\/v2\/comments?post=429"}],"version-history":[{"count":2,"href":"https:\/\/cnt-so.org\/poitiers\/wp-json\/wp\/v2\/posts\/429\/revisions"}],"predecessor-version":[{"id":439,"href":"https:\/\/cnt-so.org\/poitiers\/wp-json\/wp\/v2\/posts\/429\/revisions\/439"}],"wp:attachment":[{"href":"https:\/\/cnt-so.org\/poitiers\/wp-json\/wp\/v2\/media?parent=429"}],"wp:term":[{"taxonomy":"category","embeddable":true,"href":"https:\/\/cnt-so.org\/poitiers\/wp-json\/wp\/v2\/categories?post=429"},{"taxonomy":"post_tag","embeddable":true,"href":"https:\/\/cnt-so.org\/poitiers\/wp-json\/wp\/v2\/tags?post=429"}],"curies":[{"name":"wp","href":"https:\/\/api.w.org\/{rel}","templated":true}]}}